{"id":85614,"date":"2022-04-29T12:55:42","date_gmt":"2022-04-29T15:55:42","guid":{"rendered":"https:\/\/www.actualidadadiario.com\/?p=85614"},"modified":"2022-04-29T12:55:42","modified_gmt":"2022-04-29T15:55:42","slug":"carrio-advirtio-que-milei-podria-llegar-a-ser-presidente","status":"publish","type":"post","link":"https:\/\/www.actualidadadiario.com\/index.php\/2022\/04\/29\/carrio-advirtio-que-milei-podria-llegar-a-ser-presidente\/","title":{"rendered":"Carri\u00f3 advirti\u00f3 que Milei &#8220;podr\u00eda llegar a ser Presidente&#8221;"},"content":{"rendered":"<p style=\"text-align: center;\"><em><strong>La l\u00edder de la Coalici\u00f3n C\u00edvica habl\u00f3 sobre la reuni\u00f3n que mantuvo la mesa nacional de Juntos por el Cambio y no descart\u00f3 ser candidata en 2023<\/strong><\/em><\/p>\n<p>&nbsp;<\/p>\n<p>&nbsp;<\/p>\n<p>Tras la decisi\u00f3n de Juntos por el Cambio de no sumar al liberal Javier Milei, la referente de la Coalici\u00f3n C\u00edvica, Elisa Carri\u00f3, -una de las principales opositoras a sumar al economista- anticip\u00f3 que el diputado liberal podr\u00eda imponerse en las pr\u00f3ximas presidenciales.<\/p>\n<p>&#8220;Milei sac\u00f3 el 17% (en referencia a las \u00faltimas elecciones legislativas) y, sin dudas, puede sacar m\u00e1s. Podr\u00eda llegar a ser presidente&#8221;, afirm\u00f3 Carri\u00f3 en di\u00e1logo con TN, tras manifestar que su triunfo &#8220;no es la salida a una democracia liberal republicana, con garant\u00eda de derechos para todos&#8221; sino que configurar\u00e1 &#8220;el nacimiento de un autoritarismo de masas que elimine a muchos y, en especial, que elimine a los que votaron, que son los pobres&#8221;.<\/p>\n<p>En la misma l\u00ednea, la dirigente sostuvo que personajes como Milei emergen ante situaciones de hast\u00edo en la sociedad. &#8220;Hubo muchos con igual discurso que terminaron con terribles dictaduras en Europa&#8221;, defini\u00f3.\u00a0 Y continu\u00f3: &#8220;Me asusta la cara de Milei, no la vi nunca as\u00ed. Me asust\u00f3 esa cara en la pantalla&#8221;.<\/p>\n<p>Tras las cr\u00edticas, Carri\u00f3 asegur\u00f3 que no se trata de una cuesti\u00f3n personal, sino pol\u00edtica. &#8220;Si ma\u00f1ana deja de estar, va a haber otro Milei. Entonces la cuesti\u00f3n no es personal. No tengo nada contra \u00e9l&#8221;, aclar\u00f3.<\/p>\n<p>De cara a 2023, la exfuncionaria asegur\u00f3 que no descarta presentarse como candidata &#8220;en caso de ser necesario&#8221;. &#8220;No descarto que, si en 2023 la cuesti\u00f3n est\u00e1 confusa, yo est\u00e9 para dar el debate, por m\u00e1s que no me voten&#8221;, se\u00f1al\u00f3 en la t\u00f3nica con lo que hab\u00eda manifestado a trav\u00e9s de su cuenta de Twitter.<\/p>\n<p>&nbsp;<\/p>\n<p><strong>El debate interno de la Mesa Nacional de Juntos por el Cambio<\/strong><\/p>\n<p>La dirigente de la Coalici\u00f3n C\u00edvica particip\u00f3 de la reuni\u00f3n de la mesa nacional de Juntos por el Cambio del mi\u00e9rcoles en la que se debatieron cuestiones centrales que atraviesan a la coalici\u00f3n. Tras los intercambios, las fuerzas acordaron no sumar al liberal Milei a la principal fuerza opositora dado que no hab\u00eda acuerdo un\u00e1nime.<\/p>\n<p>Carri\u00f3 cont\u00f3 que a pesar de los constantes elogios durante el encuentro, el exmandatario Mauricio Macri admiti\u00f3 que el liberal &#8220;es autoritario&#8221;, pero destac\u00f3 que &#8220;tiene buenas ideas&#8221;. A pesar de la caracterizaci\u00f3n, opt\u00f3 por no sumarlo. Adem\u00e1s, revel\u00f3 que Patricia Bullrich no comparte la opini\u00f3n del l\u00edder del PRO, aunque manifest\u00f3 que evit\u00f3 contradecirlo frente al resto de los dirigentes de otras fuerzas.<\/p>\n<p>\u201cLo que me contaron es que en un momento Mauricio dijo que (Milei) es autoritario, pero que tiene buenas ideas, y los otros le dijeron que s\u00ed. Y Patricia, cuando lleg\u00f3 no quiso contradecir a Macri, por eso lo hace hoy, y cuando ella quiere corregir eso no lo puede hacer porque est\u00e1 la foto en la que se la ve redactando. Ella quiso sacar ese p\u00e1rrafo, pero no pudo porque lo hab\u00eda puesto su l\u00edder\u201d, confes\u00f3 Carri\u00f3.<\/p>\n<p>Cabe destacar que la exministra de Seguridad expres\u00f3 su postura por la decisi\u00f3n tomada en torno al liberal el jueves por la ma\u00f1ana a trav\u00e9s de declaraciones a la prensa. En torno al resto de los temas y los pormenores de la reuni\u00f3n, Lilita cont\u00f3 que &#8220;no hubo tanta discusi\u00f3n&#8221; y que hubo acuerdo en la centralidad de adoptar una Boleta \u00danica.<\/p>\n","protected":false},"excerpt":{"rendered":"<p>La l\u00edder de la Coalici\u00f3n C\u00edvica habl\u00f3 sobre la reuni\u00f3n que mantuvo la mesa nacional de Juntos por el Cambio y no descart\u00f3 ser candidata en 2023 &nbsp; &nbsp; Tras la decisi\u00f3n de Juntos por el Cambio de no sumar al liberal Javier Milei, la referente de la Coalici\u00f3n C\u00edvica, Elisa Carri\u00f3, -una de las principales opositoras a sumar al economista- anticip\u00f3 que el diputado liberal podr\u00eda imponerse en las pr\u00f3ximas presidenciales. &#8220;Milei sac\u00f3 el 17% (en referencia a las \u00faltimas elecciones legislativas) y, sin dudas, puede sacar m\u00e1s. Podr\u00eda&#8230;<\/p>\n","protected":false},"author":3,"featured_media":42079,"comment_status":"closed","ping_status":"closed","sticky":false,"template":"","format":"standard","meta":[],"categories":[18],"tags":[],"_links":{"self":[{"href":"https:\/\/www.actualidadadiario.com\/index.php\/wp-json\/wp\/v2\/posts\/85614"}],"collection":[{"href":"https:\/\/www.actualidadadiario.com\/index.php\/wp-json\/wp\/v2\/posts"}],"about":[{"href":"https:\/\/www.actualidadadiario.com\/index.php\/wp-json\/wp\/v2\/types\/post"}],"author":[{"embeddable":true,"href":"https:\/\/www.actualidadadiario.com\/index.php\/wp-json\/wp\/v2\/users\/3"}],"replies":[{"embeddable":true,"href":"https:\/\/www.actualidadadiario.com\/index.php\/wp-json\/wp\/v2\/comments?post=85614"}],"version-history":[{"count":1,"href":"https:\/\/www.actualidadadiario.com\/index.php\/wp-json\/wp\/v2\/posts\/85614\/revisions"}],"predecessor-version":[{"id":85615,"href":"https:\/\/www.actualidadadiario.com\/index.php\/wp-json\/wp\/v2\/posts\/85614\/revisions\/85615"}],"wp:featuredmedia":[{"embeddable":true,"href":"https:\/\/www.actualidadadiario.com\/index.php\/wp-json\/wp\/v2\/media\/42079"}],"wp:attachment":[{"href":"https:\/\/www.actualidadadiario.com\/index.php\/wp-json\/wp\/v2\/media?parent=85614"}],"wp:term":[{"taxonomy":"category","embeddable":true,"href":"https:\/\/www.actualidadadiario.com\/index.php\/wp-json\/wp\/v2\/categories?post=85614"},{"taxonomy":"post_tag","embeddable":true,"href":"https:\/\/www.actualidadadiario.com\/index.php\/wp-json\/wp\/v2\/tags?post=85614"}],"curies":[{"name":"wp","href":"https:\/\/api.w.org\/{rel}","templated":true}]}}