{"id":85611,"date":"2022-04-29T12:54:51","date_gmt":"2022-04-29T15:54:51","guid":{"rendered":"https:\/\/www.actualidadadiario.com\/?p=85611"},"modified":"2022-04-29T12:54:51","modified_gmt":"2022-04-29T15:54:51","slug":"el-gobierno-designo-a-cerruti-como-secretaria-de-comunicacion-y-prensa","status":"publish","type":"post","link":"https:\/\/www.actualidadadiario.com\/index.php\/2022\/04\/29\/el-gobierno-designo-a-cerruti-como-secretaria-de-comunicacion-y-prensa\/","title":{"rendered":"El Gobierno design\u00f3 a Cerruti como secretaria de Comunicaci\u00f3n y Prensa"},"content":{"rendered":"<p style=\"text-align: center;\"><em><strong>La designaci\u00f3n se realiza &#8220;sin perjuicio de continuar ejerciendo sus actuales funciones&#8221; y regir\u00e1 a partir del 1\u00b0 de mayo. Juan Jos\u00e9 Ross pasar\u00e1 a desempe\u00f1arse como secretario de Medios y Comunicaci\u00f3n P\u00fablica de la Jefatura de Gabinete<\/strong><\/em><\/p>\n<p>&nbsp;<\/p>\n<p>&nbsp;<\/p>\n<p>El Gobierno design\u00f3 a la titular de la Unidad de Comunicaci\u00f3n de Gesti\u00f3n Presidencial, Gabriela Cerruti, como secretaria de Comunicaci\u00f3n y Prensa de la Presidencia de la Naci\u00f3n en lugar de Juan Jos\u00e9 Ross, quien pasar\u00e1 a desempe\u00f1arse como secretario de Medios y Comunicaci\u00f3n P\u00fablica de la Jefatura de Gabinete.<\/p>\n<p>La designaci\u00f3n de Cerruti se realiza &#8220;sin perjuicio de continuar ejerciendo sus actuales funciones&#8221;, indic\u00f3 el decreto 217\/2022 publicado este viernes en el Bolet\u00edn Oficial, que a\u00f1ade que el nuevo cargo tendr\u00e1 car\u00e1cter &#8220;ad honorem&#8221; y regir\u00e1 a partir del 1\u00b0 de mayo.<\/p>\n<p>En tanto, el decreto 218\/2022 nombra a Ross como secretario de Medios y Comunicaci\u00f3n P\u00fablica de la Jefatura de Gabinete.<\/p>\n<p>Esta norma tambi\u00e9n acepta la renuncia a ese cargo de Valeria Zapesochny.<\/p>\n<p>El anuncio de este reordenamiento en el \u00e1rea de Comunicaci\u00f3n del Gobierno hab\u00eda sido adelantado el jueves por los tres funcionarios durante un contacto con la prensa acreditada en la Casa Rosada.<\/p>\n<p>En ese marco, comentaron que el jefe de Gabinete, Juan Manzur, &#8220;le pidi\u00f3 al Presidente (Alberto Fern\u00e1ndez) una reorganizaci\u00f3n en comunicaci\u00f3n a fin de que Zapesochny se ocupe m\u00e1s del d\u00eda a d\u00eda y trabaje un poco m\u00e1s cerca de \u00e9l&#8221;, y por lo tanto pasar\u00e1 a desempe\u00f1arse como titular de una Unidad de Comunicaci\u00f3n a crearse en la Jefatura de Gabinete, que trabajar\u00e1 en forma coordinada con las dem\u00e1s \u00e1reas.<\/p>\n","protected":false},"excerpt":{"rendered":"<p>La designaci\u00f3n se realiza &#8220;sin perjuicio de continuar ejerciendo sus actuales funciones&#8221; y regir\u00e1 a partir del 1\u00b0 de mayo. Juan Jos\u00e9 Ross pasar\u00e1 a desempe\u00f1arse como secretario de Medios y Comunicaci\u00f3n P\u00fablica de la Jefatura de Gabinete &nbsp; &nbsp; El Gobierno design\u00f3 a la titular de la Unidad de Comunicaci\u00f3n de Gesti\u00f3n Presidencial, Gabriela Cerruti, como secretaria de Comunicaci\u00f3n y Prensa de la Presidencia de la Naci\u00f3n en lugar de Juan Jos\u00e9 Ross, quien pasar\u00e1 a desempe\u00f1arse como secretario de Medios y Comunicaci\u00f3n P\u00fablica de la Jefatura de Gabinete&#8230;.<\/p>\n","protected":false},"author":3,"featured_media":85612,"comment_status":"closed","ping_status":"closed","sticky":false,"template":"","format":"standard","meta":[],"categories":[18],"tags":[],"_links":{"self":[{"href":"https:\/\/www.actualidadadiario.com\/index.php\/wp-json\/wp\/v2\/posts\/85611"}],"collection":[{"href":"https:\/\/www.actualidadadiario.com\/index.php\/wp-json\/wp\/v2\/posts"}],"about":[{"href":"https:\/\/www.actualidadadiario.com\/index.php\/wp-json\/wp\/v2\/types\/post"}],"author":[{"embeddable":true,"href":"https:\/\/www.actualidadadiario.com\/index.php\/wp-json\/wp\/v2\/users\/3"}],"replies":[{"embeddable":true,"href":"https:\/\/www.actualidadadiario.com\/index.php\/wp-json\/wp\/v2\/comments?post=85611"}],"version-history":[{"count":1,"href":"https:\/\/www.actualidadadiario.com\/index.php\/wp-json\/wp\/v2\/posts\/85611\/revisions"}],"predecessor-version":[{"id":85613,"href":"https:\/\/www.actualidadadiario.com\/index.php\/wp-json\/wp\/v2\/posts\/85611\/revisions\/85613"}],"wp:featuredmedia":[{"embeddable":true,"href":"https:\/\/www.actualidadadiario.com\/index.php\/wp-json\/wp\/v2\/media\/85612"}],"wp:attachment":[{"href":"https:\/\/www.actualidadadiario.com\/index.php\/wp-json\/wp\/v2\/media?parent=85611"}],"wp:term":[{"taxonomy":"category","embeddable":true,"href":"https:\/\/www.actualidadadiario.com\/index.php\/wp-json\/wp\/v2\/categories?post=85611"},{"taxonomy":"post_tag","embeddable":true,"href":"https:\/\/www.actualidadadiario.com\/index.php\/wp-json\/wp\/v2\/tags?post=85611"}],"curies":[{"name":"wp","href":"https:\/\/api.w.org\/{rel}","templated":true}]}}