{"id":85608,"date":"2022-04-29T12:54:11","date_gmt":"2022-04-29T15:54:11","guid":{"rendered":"https:\/\/www.actualidadadiario.com\/?p=85608"},"modified":"2022-04-29T12:54:11","modified_gmt":"2022-04-29T15:54:11","slug":"la-nueva-ley-de-alquileres-en-punto-muerto-por-diferencias-en-los-bloques-mayoritarios","status":"publish","type":"post","link":"https:\/\/www.actualidadadiario.com\/index.php\/2022\/04\/29\/la-nueva-ley-de-alquileres-en-punto-muerto-por-diferencias-en-los-bloques-mayoritarios\/","title":{"rendered":"La nueva ley de Alquileres en punto muerto por diferencias en los bloques mayoritarios"},"content":{"rendered":"<p style=\"text-align: center;\"><em><strong>Juntos por el Cambio y el Frente de Todos no terminan de definir una postura al interior de sus propios espacios. La semana pr\u00f3xima empezar\u00e1 la discusi\u00f3n entre los legisladores de la comisi\u00f3n de Legislaci\u00f3n General<\/strong><\/em><\/p>\n<p>&nbsp;<\/p>\n<p>&nbsp;<\/p>\n<p>El debate de la Ley de Alquileres est\u00e1 empantanado en la C\u00e1mara de Diputados. El Frente de Todos y Juntos por el Cambio no terminan de unificar una postura al interior de sus propios espacios, lo que genera fuertes dificultades para arribar a un proyecto de consenso que atienda los diferentes reclamos que quedaron expuestos durante las cuatro reuniones informativas.<\/p>\n<p>La discusi\u00f3n entre los legisladores estaba prevista para esta semana, as\u00ed como tambi\u00e9n la firma del dictamen, sin embargo eso se fue posponiendo a medida que surgieron los primeros intercambios dentro del interbloque opositor y de la bancada oficialista. Los m\u00e1s de 140 expositores que pasaron por la comisi\u00f3n de Legislaci\u00f3n General, que conduce Cecilia Moreau, lejos de facilitar las negociaciones, profundizaron las diferencias, debido a que varios plantearon directamente que no hay que cambiar la norma vigente.<\/p>\n<p>Aun cuando en Juntos por el Cambio se inclinan por volver a los contratos de 2 a\u00f1os y las actualizaciones semestrales, como piden los representantes de los propietarios; algunos plantean ciertas dudas sobre esa postura. Una de las razones que esgrimen desde ese sector es que los inquilinos tambi\u00e9n son parte de su electorado y muchos de ellos est\u00e1n planteando que no est\u00e1n de acuerdo con que se modifiquen esos dos puntos.<\/p>\n<p>Las discrepancias opositoras llegaron al despacho del jefe del bloque oficialista, Germ\u00e1n Mart\u00ednez. All\u00ed se reunieron esta semana las autoridades de la comisi\u00f3n de Legislaci\u00f3n General y desde Juntos por el Cambio le transmitieron al diputado santafecino que por ahora no tienen una postura unificada sobre la Ley de Alquileres. Tampoco la tiene el Frente de Todos, donde los desacuerdos son todav\u00eda m\u00e1s marcados.<\/p>\n<p>En el oficialismo, algunos son partidarios de dejar la ley tal cual est\u00e1, al menos por el momento. Los que m\u00e1s abogan por mantener la duraci\u00f3n del contrato actual (3 a\u00f1os) y las actualizaciones anuales son los diputados kirchneristas. Por el contrario, los legisladores m\u00e1s cercanos al presidente de la C\u00e1mara baja, Sergio Massa, y a la Casa Rosada sostienen que s\u00ed o s\u00ed hay que modificar la norma.<\/p>\n<p>&#8220;Como bloque a\u00fan no hay una posici\u00f3n unificada&#8221;, afirm\u00f3 uno de los legisladores oficialistas que integra la comisi\u00f3n de Legislaci\u00f3n General.<\/p>\n<p>A esta altura, desde ninguna fuerza pol\u00edtica se animan a arriesgar cu\u00e1ndo se redactar\u00e1 un borrador, mucho menos una fecha para la firma del dictamen. Lo \u00fanico seguro es que el debate continuar\u00e1 la semana pr\u00f3xima. En Juntos por el Cambio dan casi como un hecho que habr\u00e1 m\u00e1s de un proyecto, ya que no ser\u00e1 posible consensuar una iniciativa entre los diferentes espacios, como se hab\u00edan comprometido semanas atr\u00e1s.<\/p>\n<p>En el Frente de Todos son a\u00fan m\u00e1s pesimistas. &#8220;El dictamen no se va a firmar nunca. Va a quedar en la nada&#8221;, dijo a este diario un diputado oficialista que participa del debate. Tambi\u00e9n responsabilizan a la alianza opositora de haber forzado una discusi\u00f3n que &#8220;ni siquiera la tienen saldada&#8221; adentro de la coalici\u00f3n.<\/p>\n","protected":false},"excerpt":{"rendered":"<p>Juntos por el Cambio y el Frente de Todos no terminan de definir una postura al interior de sus propios espacios. La semana pr\u00f3xima empezar\u00e1 la discusi\u00f3n entre los legisladores de la comisi\u00f3n de Legislaci\u00f3n General &nbsp; &nbsp; El debate de la Ley de Alquileres est\u00e1 empantanado en la C\u00e1mara de Diputados. El Frente de Todos y Juntos por el Cambio no terminan de unificar una postura al interior de sus propios espacios, lo que genera fuertes dificultades para arribar a un proyecto de consenso que atienda los diferentes reclamos&#8230;<\/p>\n","protected":false},"author":3,"featured_media":85609,"comment_status":"closed","ping_status":"closed","sticky":false,"template":"","format":"standard","meta":[],"categories":[18],"tags":[],"_links":{"self":[{"href":"https:\/\/www.actualidadadiario.com\/index.php\/wp-json\/wp\/v2\/posts\/85608"}],"collection":[{"href":"https:\/\/www.actualidadadiario.com\/index.php\/wp-json\/wp\/v2\/posts"}],"about":[{"href":"https:\/\/www.actualidadadiario.com\/index.php\/wp-json\/wp\/v2\/types\/post"}],"author":[{"embeddable":true,"href":"https:\/\/www.actualidadadiario.com\/index.php\/wp-json\/wp\/v2\/users\/3"}],"replies":[{"embeddable":true,"href":"https:\/\/www.actualidadadiario.com\/index.php\/wp-json\/wp\/v2\/comments?post=85608"}],"version-history":[{"count":1,"href":"https:\/\/www.actualidadadiario.com\/index.php\/wp-json\/wp\/v2\/posts\/85608\/revisions"}],"predecessor-version":[{"id":85610,"href":"https:\/\/www.actualidadadiario.com\/index.php\/wp-json\/wp\/v2\/posts\/85608\/revisions\/85610"}],"wp:featuredmedia":[{"embeddable":true,"href":"https:\/\/www.actualidadadiario.com\/index.php\/wp-json\/wp\/v2\/media\/85609"}],"wp:attachment":[{"href":"https:\/\/www.actualidadadiario.com\/index.php\/wp-json\/wp\/v2\/media?parent=85608"}],"wp:term":[{"taxonomy":"category","embeddable":true,"href":"https:\/\/www.actualidadadiario.com\/index.php\/wp-json\/wp\/v2\/categories?post=85608"},{"taxonomy":"post_tag","embeddable":true,"href":"https:\/\/www.actualidadadiario.com\/index.php\/wp-json\/wp\/v2\/tags?post=85608"}],"curies":[{"name":"wp","href":"https:\/\/api.w.org\/{rel}","templated":true}]}}