{"id":85602,"date":"2022-04-29T12:52:48","date_gmt":"2022-04-29T15:52:48","guid":{"rendered":"https:\/\/www.actualidadadiario.com\/?p=85602"},"modified":"2022-04-29T12:52:48","modified_gmt":"2022-04-29T15:52:48","slug":"reunion-entre-el-gobierno-y-las-empresas-del-sector-alimenticio-por-precios-cuidados","status":"publish","type":"post","link":"https:\/\/www.actualidadadiario.com\/index.php\/2022\/04\/29\/reunion-entre-el-gobierno-y-las-empresas-del-sector-alimenticio-por-precios-cuidados\/","title":{"rendered":"Reuni\u00f3n entre el Gobierno y las empresas del sector alimenticio por Precios Cuidados"},"content":{"rendered":"<p style=\"text-align: center;\"><em><strong>El secretario de Comercio Interior, Roberto Feletti, se reunir\u00e1 este viernes con Molinos, Arcor, Unilever, Mondelez, Danone, Mastellone y Nestl\u00e9. Esperan analizar los motivos que afectan el normal abastecimiento del acuerdo<\/strong><\/em><\/p>\n<p>&nbsp;<\/p>\n<p>&nbsp;<\/p>\n<p>El secretario de Comercio Interior, Roberto Feletti, se reunir\u00e1 hoy con las principales empresas del sector alimenticio, tras haber detectado en supermercados una ca\u00edda en el abastecimiento de productos que componen el programa Precios Cuidados.<\/p>\n<p>A la reuni\u00f3n, prevista para las 11, fueron convocadas las empresas Molinos, Arcor, Unilever, Mondelez, Danone, Mastellone y Nestl\u00e9, informaron fuentes de la Secretar\u00eda de Comercio Interior.<\/p>\n<p>En fiscalizaciones recientes, la Secretar\u00eda advirti\u00f3 algunos faltantes en las g\u00f3ndolas correspondientes a productos del programa Precios Cuidados, por lo que espera analizar con las empresas los motivos que afectan el normal abastecimiento del acuerdo.<\/p>\n<p>En su habitual conferencia de prensa de los jueves, la portavoz de la Presidencia, Gabriela Cerruti, afirm\u00f3 que la inflaci\u00f3n de abril ser\u00e1 &#8220;un poco m\u00e1s baja&#8221; que el 6,7% registrado en marzo, aunque advirti\u00f3 que &#8220;eso no quiere decir que deje de ser un problema&#8221;, con el que se va &#8220;a tener que seguir lidiando todo el a\u00f1o&#8221;.<\/p>\n","protected":false},"excerpt":{"rendered":"<p>El secretario de Comercio Interior, Roberto Feletti, se reunir\u00e1 este viernes con Molinos, Arcor, Unilever, Mondelez, Danone, Mastellone y Nestl\u00e9. Esperan analizar los motivos que afectan el normal abastecimiento del acuerdo &nbsp; &nbsp; El secretario de Comercio Interior, Roberto Feletti, se reunir\u00e1 hoy con las principales empresas del sector alimenticio, tras haber detectado en supermercados una ca\u00edda en el abastecimiento de productos que componen el programa Precios Cuidados. A la reuni\u00f3n, prevista para las 11, fueron convocadas las empresas Molinos, Arcor, Unilever, Mondelez, Danone, Mastellone y Nestl\u00e9, informaron fuentes de&#8230;<\/p>\n","protected":false},"author":3,"featured_media":85603,"comment_status":"closed","ping_status":"closed","sticky":false,"template":"","format":"standard","meta":[],"categories":[9],"tags":[],"_links":{"self":[{"href":"https:\/\/www.actualidadadiario.com\/index.php\/wp-json\/wp\/v2\/posts\/85602"}],"collection":[{"href":"https:\/\/www.actualidadadiario.com\/index.php\/wp-json\/wp\/v2\/posts"}],"about":[{"href":"https:\/\/www.actualidadadiario.com\/index.php\/wp-json\/wp\/v2\/types\/post"}],"author":[{"embeddable":true,"href":"https:\/\/www.actualidadadiario.com\/index.php\/wp-json\/wp\/v2\/users\/3"}],"replies":[{"embeddable":true,"href":"https:\/\/www.actualidadadiario.com\/index.php\/wp-json\/wp\/v2\/comments?post=85602"}],"version-history":[{"count":1,"href":"https:\/\/www.actualidadadiario.com\/index.php\/wp-json\/wp\/v2\/posts\/85602\/revisions"}],"predecessor-version":[{"id":85604,"href":"https:\/\/www.actualidadadiario.com\/index.php\/wp-json\/wp\/v2\/posts\/85602\/revisions\/85604"}],"wp:featuredmedia":[{"embeddable":true,"href":"https:\/\/www.actualidadadiario.com\/index.php\/wp-json\/wp\/v2\/media\/85603"}],"wp:attachment":[{"href":"https:\/\/www.actualidadadiario.com\/index.php\/wp-json\/wp\/v2\/media?parent=85602"}],"wp:term":[{"taxonomy":"category","embeddable":true,"href":"https:\/\/www.actualidadadiario.com\/index.php\/wp-json\/wp\/v2\/categories?post=85602"},{"taxonomy":"post_tag","embeddable":true,"href":"https:\/\/www.actualidadadiario.com\/index.php\/wp-json\/wp\/v2\/tags?post=85602"}],"curies":[{"name":"wp","href":"https:\/\/api.w.org\/{rel}","templated":true}]}}