{"id":85593,"date":"2022-04-29T12:50:42","date_gmt":"2022-04-29T15:50:42","guid":{"rendered":"https:\/\/www.actualidadadiario.com\/?p=85593"},"modified":"2022-04-29T12:50:42","modified_gmt":"2022-04-29T15:50:42","slug":"las-fuerzas-de-seguridad-se-capacitaran-en-los-derechos-de-ninos-ninas-y-adolescentes","status":"publish","type":"post","link":"https:\/\/www.actualidadadiario.com\/index.php\/2022\/04\/29\/las-fuerzas-de-seguridad-se-capacitaran-en-los-derechos-de-ninos-ninas-y-adolescentes\/","title":{"rendered":"Las fuerzas de seguridad se capacitar\u00e1n en los derechos de ni\u00f1os, ni\u00f1as y adolescentes"},"content":{"rendered":"<p style=\"text-align: center;\"><em><strong>El Gobierno reglament\u00f3 la norma que ordena la ense\u00f1anza de las Convenci\u00f3n sobre los Derechos del Ni\u00f1o, tratados, reglas, directrices y las normas que protegen integralmente a los menores de 18 a\u00f1os<\/strong><\/em><\/p>\n<p>&nbsp;<\/p>\n<p>&nbsp;<\/p>\n<p>El Poder Ejecutivo reglament\u00f3 la ley que establece que las fuerzas policiales y de seguridad federales deben incluir en sus curr\u00edculas capacitaci\u00f3n a su personal en materia de derechos humanos de ni\u00f1os, ni\u00f1as y adolescentes.<\/p>\n<p>La ley 26290 qued\u00f3 reglamentada por el decreto 219\/2022 publicado este viernes en el Bolet\u00edn Oficial, con la firma del presidente Alberto Fern\u00e1ndez; el jefe de Gabinete, Juan Manzur, y el ministro de Seguridad, An\u00edbal Fern\u00e1ndez.<\/p>\n<p>La norma establece que esa capacitaci\u00f3n debe estar incluida en la formaci\u00f3n inicial de las fuerzas y que se desarrollar\u00e1n m\u00f3dulos de profundizaci\u00f3n y actualizaci\u00f3n &#8220;a los fines de garantizar la capacitaci\u00f3n permanente&#8221;,<\/p>\n<p>La capacitaci\u00f3n deber\u00e1 contemplar los &#8220;derechos y garant\u00edas reconocidos en la Convenci\u00f3n sobre los Derechos del Ni\u00f1o, las convenciones, tratados, reglas, directrices y dem\u00e1s normas reconocidas por nuestro pa\u00eds, que componen el plexo normativo de derechos humanos que protegen integralmente los derechos de los ni\u00f1os, las ni\u00f1as y adolescentes menores de 18 a\u00f1os&#8221;, precisa el anexo.<\/p>\n<p>Las curr\u00edculas de formaci\u00f3n inicial deber\u00e1n contar con un abordaje del marco normativo y lineamientos tem\u00e1ticos del &#8220;Marco Normativo Nacional e Internacional de la Convenci\u00f3n sobre los Derechos del Ni\u00f1o, aprobada por la Ley N\u00b0 23.849, de los Protocolos Facultativos y Observaciones Generales del Comit\u00e9 de los Derechos del Ni\u00f1o de Naciones Unidas, las Reglas de Brasilia sobre Acceso a la Justicia de las Personas en Condiciones de Vulnerabilidad, las Reglas de las Naciones Unidas para la Protecci\u00f3n de los Menores Privados de la Libertad y las Reglas M\u00ednimas de las Naciones Unidas para la Administraci\u00f3n de la Justicia de Menores &#8216;Reglas de Beijing'&#8221;.<\/p>\n<p>Tambi\u00e9n deber\u00e1 tener en cuenta &#8220;las directrices de las Naciones Unidas para la Prevenci\u00f3n de la Delincuencia Juvenil-Directrices de Riad- y las Reglas M\u00ednimas de las Naciones Unidas sobre las Medidas No Privativas de la Libertad y las Reglas de Tokio&#8221;, entre otras.<\/p>\n<p>Adem\u00e1s, el plan de capacitaci\u00f3n incluir\u00e1 un curso inicial con los contenidos m\u00ednimos as\u00ed como m\u00f3dulos de profundizaci\u00f3n y actualizaci\u00f3n, que ser\u00e1n de car\u00e1cter obligatorio, y que comenzar\u00e1 a implementarse con las conducciones de las fuerzas policiales y de seguridad federales y funcionarios del ministerio; y se extender\u00e1 de manera progresiva a todo el personal.<\/p>\n<p>Una vez que la formaci\u00f3n inicial incluya en sus curr\u00edculas los contenidos m\u00ednimos, quienes egresen solo deber\u00e1n realizar los m\u00f3dulos de profundizaci\u00f3n y actualizaci\u00f3n espec\u00edficos propuestos por la autoridad de aplicaci\u00f3n, dice la reglamentaci\u00f3n.<\/p>\n<p>Para acceder a cargos de conducci\u00f3n ser\u00e1 obligatorio haber realizado el curso inicial y al menos 2 m\u00f3dulos de profundizaci\u00f3n y actualizaci\u00f3n.<\/p>\n<p>Para los ascensos que se den en el primer a\u00f1o de implementaci\u00f3n de esta reglamentaci\u00f3n, las personas que asuman un cargo de conducci\u00f3n deber\u00e1n capacitarse en un plazo de 6 meses posteriores al ascenso.<\/p>\n<p>&#8220;El ministerio de Seguridad, en su car\u00e1cter de autoridad de aplicaci\u00f3n deber\u00e1 dar participaci\u00f3n a la Secretar\u00eda Nacional de Ni\u00f1ez, Adolescencia y familia del ministerio de Desarrollo Social&#8221;, indica asimismo la norma.<\/p>\n","protected":false},"excerpt":{"rendered":"<p>El Gobierno reglament\u00f3 la norma que ordena la ense\u00f1anza de las Convenci\u00f3n sobre los Derechos del Ni\u00f1o, tratados, reglas, directrices y las normas que protegen integralmente a los menores de 18 a\u00f1os &nbsp; &nbsp; El Poder Ejecutivo reglament\u00f3 la ley que establece que las fuerzas policiales y de seguridad federales deben incluir en sus curr\u00edculas capacitaci\u00f3n a su personal en materia de derechos humanos de ni\u00f1os, ni\u00f1as y adolescentes. La ley 26290 qued\u00f3 reglamentada por el decreto 219\/2022 publicado este viernes en el Bolet\u00edn Oficial, con la firma del presidente&#8230;<\/p>\n","protected":false},"author":3,"featured_media":85594,"comment_status":"closed","ping_status":"closed","sticky":false,"template":"","format":"standard","meta":[],"categories":[2],"tags":[],"_links":{"self":[{"href":"https:\/\/www.actualidadadiario.com\/index.php\/wp-json\/wp\/v2\/posts\/85593"}],"collection":[{"href":"https:\/\/www.actualidadadiario.com\/index.php\/wp-json\/wp\/v2\/posts"}],"about":[{"href":"https:\/\/www.actualidadadiario.com\/index.php\/wp-json\/wp\/v2\/types\/post"}],"author":[{"embeddable":true,"href":"https:\/\/www.actualidadadiario.com\/index.php\/wp-json\/wp\/v2\/users\/3"}],"replies":[{"embeddable":true,"href":"https:\/\/www.actualidadadiario.com\/index.php\/wp-json\/wp\/v2\/comments?post=85593"}],"version-history":[{"count":1,"href":"https:\/\/www.actualidadadiario.com\/index.php\/wp-json\/wp\/v2\/posts\/85593\/revisions"}],"predecessor-version":[{"id":85595,"href":"https:\/\/www.actualidadadiario.com\/index.php\/wp-json\/wp\/v2\/posts\/85593\/revisions\/85595"}],"wp:featuredmedia":[{"embeddable":true,"href":"https:\/\/www.actualidadadiario.com\/index.php\/wp-json\/wp\/v2\/media\/85594"}],"wp:attachment":[{"href":"https:\/\/www.actualidadadiario.com\/index.php\/wp-json\/wp\/v2\/media?parent=85593"}],"wp:term":[{"taxonomy":"category","embeddable":true,"href":"https:\/\/www.actualidadadiario.com\/index.php\/wp-json\/wp\/v2\/categories?post=85593"},{"taxonomy":"post_tag","embeddable":true,"href":"https:\/\/www.actualidadadiario.com\/index.php\/wp-json\/wp\/v2\/tags?post=85593"}],"curies":[{"name":"wp","href":"https:\/\/api.w.org\/{rel}","templated":true}]}}