{"id":85591,"date":"2022-04-29T12:49:58","date_gmt":"2022-04-29T15:49:58","guid":{"rendered":"https:\/\/www.actualidadadiario.com\/?p=85591"},"modified":"2022-04-29T12:49:58","modified_gmt":"2022-04-29T15:49:58","slug":"previaje-vuelve-con-la-primavera","status":"publish","type":"post","link":"https:\/\/www.actualidadadiario.com\/index.php\/2022\/04\/29\/previaje-vuelve-con-la-primavera\/","title":{"rendered":"PreViaje vuelve con la primavera"},"content":{"rendered":"<p style=\"text-align: center;\"><em><strong>Esta vez estar\u00e1 destinado a fortalecer servicios tur\u00edsticos en baja temporada. Se lanzar\u00eda la semana que viene en El Calafate<\/strong><\/em><\/p>\n<p>&nbsp;<\/p>\n<p>&nbsp;<\/p>\n<p>El plan PreViaje 3, programa que reivindica el sector privado y el gobierno con el reintegro del 50 por ciento de las contrataciones\u00a0 de hoteles, excursiones, transporte y gastronom\u00eda,\u00a0 viene tomando cada vez m\u00e1s fuerza y precisiones. Se espera incluso que se lance de manera oficial la semana que viene en el Congreso Nacional de Agentes de Viaje en El Calafate.<\/p>\n<p>En la \u00faltima reuni\u00f3n del Consejo Federal de Turismo (CFT) en Rosario,\u00a0 el ministro de Turismo y Deportes de la Naci\u00f3n, Mat\u00edas Lammens, asegur\u00f3 a Tiempo de Viajes que \u201cla primavera en la Argentina viene con Previaje 3\u201d.<\/p>\n<p>La diferencia fundamental con las ediciones anteriores del Plan es que en este 2022 se lanzar\u00eda para utilizar los servicios tur\u00edsticos en baja temporada.<\/p>\n<p>Esta semana, durante la 229\u00aa reuni\u00f3n que se realiz\u00f3 el 27 y 28 de abril en la provincia de Tierra del Fuego, Ant\u00e1rtida Argentina e Islas del Atl\u00e1ntico Sur, la Federaci\u00f3n Empresaria Hotelera Gastron\u00f3mica de la Rep\u00fablica Argentina (FEHGRA) que preside Fernando Desbots cont\u00f3 con la participaci\u00f3n de 300 dirigentes del sector.<\/p>\n<p>Adem\u00e1s, estuvo el gobernador anfitri\u00f3n, Gustavo Melella, junto con su gabinete de Turismo, y la participaci\u00f3n del Ministro de Desarrollo Productivo de la Naci\u00f3n, Mat\u00edas Kulfas a trav\u00e9s de un zoom quien brind\u00f3 seguridad al Previaje 3.En este marco, Kulfas dijo que con el ministro de Turismo y Deporte est\u00e1n planificando nuevas ediciones de PreViaje, y la incorporaci\u00f3n de programas de desarrollo local que fortalezcan la oferta de servicio y los destinos tur\u00edsticos. Tambi\u00e9n se refiri\u00f3 al Plan de Desarrollo Productivo 2030: \u201cYa superado lo peor de la pandemia, tenemos que trabajar el largo plazo, los vamos a convocar para trabajar en ese sentido\u201d.<\/p>\n","protected":false},"excerpt":{"rendered":"<p>Esta vez estar\u00e1 destinado a fortalecer servicios tur\u00edsticos en baja temporada. Se lanzar\u00eda la semana que viene en El Calafate &nbsp; &nbsp; El plan PreViaje 3, programa que reivindica el sector privado y el gobierno con el reintegro del 50 por ciento de las contrataciones\u00a0 de hoteles, excursiones, transporte y gastronom\u00eda,\u00a0 viene tomando cada vez m\u00e1s fuerza y precisiones. Se espera incluso que se lance de manera oficial la semana que viene en el Congreso Nacional de Agentes de Viaje en El Calafate. En la \u00faltima reuni\u00f3n del Consejo Federal&#8230;<\/p>\n","protected":false},"author":3,"featured_media":74919,"comment_status":"closed","ping_status":"closed","sticky":false,"template":"","format":"standard","meta":[],"categories":[2],"tags":[],"_links":{"self":[{"href":"https:\/\/www.actualidadadiario.com\/index.php\/wp-json\/wp\/v2\/posts\/85591"}],"collection":[{"href":"https:\/\/www.actualidadadiario.com\/index.php\/wp-json\/wp\/v2\/posts"}],"about":[{"href":"https:\/\/www.actualidadadiario.com\/index.php\/wp-json\/wp\/v2\/types\/post"}],"author":[{"embeddable":true,"href":"https:\/\/www.actualidadadiario.com\/index.php\/wp-json\/wp\/v2\/users\/3"}],"replies":[{"embeddable":true,"href":"https:\/\/www.actualidadadiario.com\/index.php\/wp-json\/wp\/v2\/comments?post=85591"}],"version-history":[{"count":1,"href":"https:\/\/www.actualidadadiario.com\/index.php\/wp-json\/wp\/v2\/posts\/85591\/revisions"}],"predecessor-version":[{"id":85592,"href":"https:\/\/www.actualidadadiario.com\/index.php\/wp-json\/wp\/v2\/posts\/85591\/revisions\/85592"}],"wp:featuredmedia":[{"embeddable":true,"href":"https:\/\/www.actualidadadiario.com\/index.php\/wp-json\/wp\/v2\/media\/74919"}],"wp:attachment":[{"href":"https:\/\/www.actualidadadiario.com\/index.php\/wp-json\/wp\/v2\/media?parent=85591"}],"wp:term":[{"taxonomy":"category","embeddable":true,"href":"https:\/\/www.actualidadadiario.com\/index.php\/wp-json\/wp\/v2\/categories?post=85591"},{"taxonomy":"post_tag","embeddable":true,"href":"https:\/\/www.actualidadadiario.com\/index.php\/wp-json\/wp\/v2\/tags?post=85591"}],"curies":[{"name":"wp","href":"https:\/\/api.w.org\/{rel}","templated":true}]}}