{"id":85584,"date":"2022-04-29T12:47:35","date_gmt":"2022-04-29T15:47:35","guid":{"rendered":"https:\/\/www.actualidadadiario.com\/?p=85584"},"modified":"2022-04-29T12:47:35","modified_gmt":"2022-04-29T15:47:35","slug":"coronavirus-en-argentina-confirman-un-aumento-de-casos","status":"publish","type":"post","link":"https:\/\/www.actualidadadiario.com\/index.php\/2022\/04\/29\/coronavirus-en-argentina-confirman-un-aumento-de-casos\/","title":{"rendered":"Coronavirus en Argentina: confirman un aumento de casos"},"content":{"rendered":"<p style=\"text-align: center;\"><em><strong>Carla Vizzotti volvi\u00f3 a hablar sobre el coronavirus e inform\u00f3 que hubo un aumento en los casos. La ministra de Salud de la naci\u00f3n se refiri\u00f3 a la pandemia y reconoci\u00f3 que hay una franja de personas de m\u00e1s de 50 a\u00f1os que tuvieron una suba de casos. Lo informaci\u00f3n es menos visible ya que desde el Gobierno nacional decidieron no publicar m\u00e1s, de forma diaria, los reportes de casos y muertes<\/strong><\/em><\/p>\n<p>&nbsp;<\/p>\n<p>&nbsp;<\/p>\n<p>\u00abEn la \u00faltima semana vemos un aumento en el n\u00famero de casos, fundamentalmente en los mayores de 50 a\u00f1os que es la vigilancia intensificada. Tuvimos un 10% de aumento, de 1.500 a 1.655\u2033, explic\u00f3 la funcionaria seg\u00fan C5N. La afirmaci\u00f3n de Vizzotti sigui\u00f3 con el pedido de inoculaci\u00f3n con las dos dosis de refuerzo\u00a0 ya que esto podr\u00eda ocasionar la suba de casos.<\/p>\n<p>La directora de la cartera de Salud sostuvo que alrededor de 14 millones de argentinos no se vacunaron con el refuerzo. Pese a vislumbrarse un aumento de casos en personas de m\u00e1s de 50 a\u00f1os, Vizzotti explic\u00f3 que la cantidad de contagios son bajos. Tambi\u00e9n se mostr\u00f3 motivada por el bajo n\u00famero de fallecidos aunque pidi\u00f3 por los refuerzos para aquellos que todav\u00eda no lo hicieron.<\/p>\n<p>\u00abCasi 82% de la poblaci\u00f3n recibi\u00f3 dos dosis, adem\u00e1s tenemos 20 millones de vacunas aplicadas entre tercera y cuarta dosis. Pero tambi\u00e9n hay 14 millones de personas que est\u00e1n en condici\u00f3n de recibir el refuerzo y no lo hicieron\u00ab, inform\u00f3 Vizzotti. La ministra indic\u00f3 que de todos modos es normal la suba de contagios a causa de que las temperaturas bajas comienzan a aparecer.<\/p>\n<p>Hay que recordar que solo una vez por semana el Ministerio de Salud informa la cantidad de casos y fallecidos. Ante la baja de los \u00faltimos meses, Carla Vizzotti junto a sus pares de todas las provincias, decidieron realizar un parte semanal. Asimismo cada provincia tiene la libertad de decidir si sigue manteniendo el informe de forma constante o modificarlo como lo hizo naci\u00f3n.<\/p>\n","protected":false},"excerpt":{"rendered":"<p>Carla Vizzotti volvi\u00f3 a hablar sobre el coronavirus e inform\u00f3 que hubo un aumento en los casos. La ministra de Salud de la naci\u00f3n se refiri\u00f3 a la pandemia y reconoci\u00f3 que hay una franja de personas de m\u00e1s de 50 a\u00f1os que tuvieron una suba de casos. Lo informaci\u00f3n es menos visible ya que desde el Gobierno nacional decidieron no publicar m\u00e1s, de forma diaria, los reportes de casos y muertes &nbsp; &nbsp; \u00abEn la \u00faltima semana vemos un aumento en el n\u00famero de casos, fundamentalmente en los mayores&#8230;<\/p>\n","protected":false},"author":3,"featured_media":74812,"comment_status":"closed","ping_status":"closed","sticky":false,"template":"","format":"standard","meta":[],"categories":[9],"tags":[],"_links":{"self":[{"href":"https:\/\/www.actualidadadiario.com\/index.php\/wp-json\/wp\/v2\/posts\/85584"}],"collection":[{"href":"https:\/\/www.actualidadadiario.com\/index.php\/wp-json\/wp\/v2\/posts"}],"about":[{"href":"https:\/\/www.actualidadadiario.com\/index.php\/wp-json\/wp\/v2\/types\/post"}],"author":[{"embeddable":true,"href":"https:\/\/www.actualidadadiario.com\/index.php\/wp-json\/wp\/v2\/users\/3"}],"replies":[{"embeddable":true,"href":"https:\/\/www.actualidadadiario.com\/index.php\/wp-json\/wp\/v2\/comments?post=85584"}],"version-history":[{"count":1,"href":"https:\/\/www.actualidadadiario.com\/index.php\/wp-json\/wp\/v2\/posts\/85584\/revisions"}],"predecessor-version":[{"id":85585,"href":"https:\/\/www.actualidadadiario.com\/index.php\/wp-json\/wp\/v2\/posts\/85584\/revisions\/85585"}],"wp:featuredmedia":[{"embeddable":true,"href":"https:\/\/www.actualidadadiario.com\/index.php\/wp-json\/wp\/v2\/media\/74812"}],"wp:attachment":[{"href":"https:\/\/www.actualidadadiario.com\/index.php\/wp-json\/wp\/v2\/media?parent=85584"}],"wp:term":[{"taxonomy":"category","embeddable":true,"href":"https:\/\/www.actualidadadiario.com\/index.php\/wp-json\/wp\/v2\/categories?post=85584"},{"taxonomy":"post_tag","embeddable":true,"href":"https:\/\/www.actualidadadiario.com\/index.php\/wp-json\/wp\/v2\/tags?post=85584"}],"curies":[{"name":"wp","href":"https:\/\/api.w.org\/{rel}","templated":true}]}}