{"id":85574,"date":"2022-04-28T13:16:35","date_gmt":"2022-04-28T16:16:35","guid":{"rendered":"https:\/\/www.actualidadadiario.com\/?p=85574"},"modified":"2022-04-28T13:16:35","modified_gmt":"2022-04-28T16:16:35","slug":"la-justicia-de-brasil-violo-los-derechos-de-lula-concluyo-la-onu","status":"publish","type":"post","link":"https:\/\/www.actualidadadiario.com\/index.php\/2022\/04\/28\/la-justicia-de-brasil-violo-los-derechos-de-lula-concluyo-la-onu\/","title":{"rendered":"La justicia de Brasil viol\u00f3 los derechos de Lula, concluy\u00f3 la ONU"},"content":{"rendered":"<p style=\"text-align: center;\"><em><strong>El comit\u00e9 de Derechos Humanos del organismo afirm\u00f3 que los juicios contra el exmandatario no respetaron el debido proceso y violaron sus derechos pol\u00edticos, a la privacidad y a la privacidad<\/strong><\/em><\/p>\n<p>&nbsp;<\/p>\n<p>&nbsp;<\/p>\n<p>El comit\u00e9 de derechos humanos de la ONU dijo el jueves que los procesos por corrupci\u00f3n contra el expresidente de Brasil Lula da Silva que llevaron a su encarcelamiento e impidieron que se presentara como candidato a la Presidencia en 2018 violaron el debido proceso.<\/p>\n<p>&#8220;Estas violaciones procesales hicieron que la prohibici\u00f3n a que Lula se presentase a la presidencia fuese arbitraria y, por lo tanto, viol\u00f3 sus derechos pol\u00edticos, incluido su derecho a presentarse a las elecciones&#8221;, seg\u00fan un comunicado en nombre del comit\u00e9 de expertos independientes.<\/p>\n<p>De acuerdo con esta comisi\u00f3n, Lula fue juzgado por un tribunal imparcial y se violaron su privacidad y sus derechos pol\u00edticos.<\/p>\n<p>&#8220;Si bien los Estados tienen el deber de investigar y enjuiciar los actos de corrupci\u00f3n y de mantener informada a la poblaci\u00f3n, especialmente cuando se trata de un exjefe de Estado, tales acciones deben llevarse a cabo de manera justa y respetar las garant\u00edas del debido proceso&#8221;, remarc\u00f3 Arif Bulkan, miembro del comit\u00e9.<\/p>\n<p>El expresidente Lula fue investigado en 2016 dentro de la macrocausa &#8216;Lava Jato&#8217;, que destap\u00f3 una trama de corrupci\u00f3n dentro del seno de Petrobras y varias constructoras privadas, entre ellas Odebrecht. El juez encargado de la causa fue Sergio Moro, que posteriormente se convirti\u00f3 en ministro de Justicia con el actual presidente, Jair Bolsonaro.<\/p>\n<p>Durante la investigaci\u00f3n, Moro aprob\u00f3 una solicitud del fiscal para intervenir los tel\u00e9fonos de Lula, as\u00ed como los de su familia y su abogado, despu\u00e9s filtr\u00f3 el contenido a la prensa, a la que inform\u00f3 tambi\u00e9n de una orden de detenci\u00f3n contra \u00e9l para interrogarlo antes de avisar al propio expresidente.<\/p>\n<p>Moro condeno a Lula a nueve a\u00f1os de c\u00e1rcel en julio de 2017, pero no ingres\u00f3 en hasta el abril de 2018. Su condena supuso adem\u00e1s su inhabilitaci\u00f3n como candidato presidencial cuando era el favorito en las encuestas para las presidenciales del 7 de octubre de ese a\u00f1o, que finalmente fueron para Bolsonaro.<\/p>\n<p>El Supremo Tribunal Federal de Brasil (STF) confirm\u00f3 el a\u00f1o pasado la decisi\u00f3n de anular las condenas de Lula y el candidato de izquierda es actualmente el favorito de cara a las elecciones de octubre.<\/p>\n<p>El Comit\u00e9 de la ONU sostiene que a pesar de que el Supremo anul\u00f3 la condena y el encarcelamiento de Lula, &#8220;no fue suficiente&#8221; para reparar el da\u00f1o causado, puesto que se viol\u00f3 su derecho a la libertad, a la privacidad, a un juicio justo e imparcial, as\u00ed como a presentarse un cargo pol\u00edtico.<\/p>\n","protected":false},"excerpt":{"rendered":"<p>El comit\u00e9 de Derechos Humanos del organismo afirm\u00f3 que los juicios contra el exmandatario no respetaron el debido proceso y violaron sus derechos pol\u00edticos, a la privacidad y a la privacidad &nbsp; &nbsp; El comit\u00e9 de derechos humanos de la ONU dijo el jueves que los procesos por corrupci\u00f3n contra el expresidente de Brasil Lula da Silva que llevaron a su encarcelamiento e impidieron que se presentara como candidato a la Presidencia en 2018 violaron el debido proceso. &#8220;Estas violaciones procesales hicieron que la prohibici\u00f3n a que Lula se presentase&#8230;<\/p>\n","protected":false},"author":3,"featured_media":76695,"comment_status":"closed","ping_status":"closed","sticky":false,"template":"","format":"standard","meta":[],"categories":[4],"tags":[],"_links":{"self":[{"href":"https:\/\/www.actualidadadiario.com\/index.php\/wp-json\/wp\/v2\/posts\/85574"}],"collection":[{"href":"https:\/\/www.actualidadadiario.com\/index.php\/wp-json\/wp\/v2\/posts"}],"about":[{"href":"https:\/\/www.actualidadadiario.com\/index.php\/wp-json\/wp\/v2\/types\/post"}],"author":[{"embeddable":true,"href":"https:\/\/www.actualidadadiario.com\/index.php\/wp-json\/wp\/v2\/users\/3"}],"replies":[{"embeddable":true,"href":"https:\/\/www.actualidadadiario.com\/index.php\/wp-json\/wp\/v2\/comments?post=85574"}],"version-history":[{"count":1,"href":"https:\/\/www.actualidadadiario.com\/index.php\/wp-json\/wp\/v2\/posts\/85574\/revisions"}],"predecessor-version":[{"id":85575,"href":"https:\/\/www.actualidadadiario.com\/index.php\/wp-json\/wp\/v2\/posts\/85574\/revisions\/85575"}],"wp:featuredmedia":[{"embeddable":true,"href":"https:\/\/www.actualidadadiario.com\/index.php\/wp-json\/wp\/v2\/media\/76695"}],"wp:attachment":[{"href":"https:\/\/www.actualidadadiario.com\/index.php\/wp-json\/wp\/v2\/media?parent=85574"}],"wp:term":[{"taxonomy":"category","embeddable":true,"href":"https:\/\/www.actualidadadiario.com\/index.php\/wp-json\/wp\/v2\/categories?post=85574"},{"taxonomy":"post_tag","embeddable":true,"href":"https:\/\/www.actualidadadiario.com\/index.php\/wp-json\/wp\/v2\/tags?post=85574"}],"curies":[{"name":"wp","href":"https:\/\/api.w.org\/{rel}","templated":true}]}}