{"id":85562,"date":"2022-04-28T13:12:06","date_gmt":"2022-04-28T16:12:06","guid":{"rendered":"https:\/\/www.actualidadadiario.com\/?p=85562"},"modified":"2022-04-28T13:12:06","modified_gmt":"2022-04-28T16:12:06","slug":"brindaran-charla-informativa-sobre-aportes-no-reembolsables-del-fondo-multisectorial-en-santa-ana","status":"publish","type":"post","link":"https:\/\/www.actualidadadiario.com\/index.php\/2022\/04\/28\/brindaran-charla-informativa-sobre-aportes-no-reembolsables-del-fondo-multisectorial-en-santa-ana\/","title":{"rendered":"Brindar\u00e1n charla informativa sobre Aportes No Reembolsables del Fondo Multisectorial en Santa Ana"},"content":{"rendered":"<p style=\"text-align: center;\"><em><strong>La charla, que se realiza en el marco del Programa de Desarrollo e Integraci\u00f3n de la Regi\u00f3n de Salto Grande, se llevar\u00e1 a cabo este viernes 29 de abril, a las 10.30 hs., en las instalaciones del NIDO de la localidad de Santa Ana. Estar\u00e1 destinada a empresas productoras y de servicios tur\u00edsticos que operan en los departamentos de Col\u00f3n, Concordia y Federaci\u00f3n<\/strong><\/em><\/p>\n<p>&nbsp;<\/p>\n<p>&nbsp;<\/p>\n<p>&nbsp;<\/p>\n<p>Este viernes se llevar\u00e1 a cabo una nueva charla informativa sobre Aportes No Reembolsables del Fondo Multisectorial. En esta oportunidad, la disertaci\u00f3n tendr\u00e1 lugar a las 10.30 horas, en las instalaciones del NIDO de la localidad de Santa Ana, con la presencia de la vocal de CAFESG, Celeste Lorenz, y el equipo t\u00e9cnico del organismo provincial.<\/p>\n<p>Estos aportes no reembolsables est\u00e1n destinados a brindar apoyo t\u00e9cnico y financiero a las empresas productoras y de servicios tur\u00edsticos que operan en la zona de influencia de Salto Grande, que comprende a las localidades de los departamentos Federaci\u00f3n, Concordia y Col\u00f3n.<\/p>\n<p>Los fondos podr\u00e1n ser solicitados de manera individual, en conjunto de empresas o a trav\u00e9s de una Instituci\u00f3n.<\/p>\n<p>Este programa del gobierno de la provincia de Entre R\u00edos, financiado por el Banco Interamericano de Desarrollo (BID), tiene como principal obra la construcci\u00f3n y readecuaci\u00f3n del Aeropuerto Comodoro Pierrestegui de la ciudad de Concordia, pero adem\u00e1s consta de subcomponentes para el desarrollo tur\u00edstico y productivo de la regi\u00f3n, como el caso del Fondo Multisectorial.<\/p>\n<p>&nbsp;<\/p>\n<p><strong>Para m\u00e1s consultas:<\/strong><\/p>\n<p>Fondomultisectorialsaltogrande@cafesg.gob.ar<\/p>\n<p>Fondomultisectorialsaltogrande@gmail.com<\/p>\n","protected":false},"excerpt":{"rendered":"<p>La charla, que se realiza en el marco del Programa de Desarrollo e Integraci\u00f3n de la Regi\u00f3n de Salto Grande, se llevar\u00e1 a cabo este viernes 29 de abril, a las 10.30 hs., en las instalaciones del NIDO de la localidad de Santa Ana. Estar\u00e1 destinada a empresas productoras y de servicios tur\u00edsticos que operan en los departamentos de Col\u00f3n, Concordia y Federaci\u00f3n &nbsp; &nbsp; &nbsp; Este viernes se llevar\u00e1 a cabo una nueva charla informativa sobre Aportes No Reembolsables del Fondo Multisectorial. En esta oportunidad, la disertaci\u00f3n tendr\u00e1 lugar&#8230;<\/p>\n","protected":false},"author":3,"featured_media":84666,"comment_status":"closed","ping_status":"closed","sticky":false,"template":"","format":"standard","meta":[],"categories":[15],"tags":[],"_links":{"self":[{"href":"https:\/\/www.actualidadadiario.com\/index.php\/wp-json\/wp\/v2\/posts\/85562"}],"collection":[{"href":"https:\/\/www.actualidadadiario.com\/index.php\/wp-json\/wp\/v2\/posts"}],"about":[{"href":"https:\/\/www.actualidadadiario.com\/index.php\/wp-json\/wp\/v2\/types\/post"}],"author":[{"embeddable":true,"href":"https:\/\/www.actualidadadiario.com\/index.php\/wp-json\/wp\/v2\/users\/3"}],"replies":[{"embeddable":true,"href":"https:\/\/www.actualidadadiario.com\/index.php\/wp-json\/wp\/v2\/comments?post=85562"}],"version-history":[{"count":1,"href":"https:\/\/www.actualidadadiario.com\/index.php\/wp-json\/wp\/v2\/posts\/85562\/revisions"}],"predecessor-version":[{"id":85563,"href":"https:\/\/www.actualidadadiario.com\/index.php\/wp-json\/wp\/v2\/posts\/85562\/revisions\/85563"}],"wp:featuredmedia":[{"embeddable":true,"href":"https:\/\/www.actualidadadiario.com\/index.php\/wp-json\/wp\/v2\/media\/84666"}],"wp:attachment":[{"href":"https:\/\/www.actualidadadiario.com\/index.php\/wp-json\/wp\/v2\/media?parent=85562"}],"wp:term":[{"taxonomy":"category","embeddable":true,"href":"https:\/\/www.actualidadadiario.com\/index.php\/wp-json\/wp\/v2\/categories?post=85562"},{"taxonomy":"post_tag","embeddable":true,"href":"https:\/\/www.actualidadadiario.com\/index.php\/wp-json\/wp\/v2\/tags?post=85562"}],"curies":[{"name":"wp","href":"https:\/\/api.w.org\/{rel}","templated":true}]}}