{"id":85556,"date":"2022-04-28T13:10:41","date_gmt":"2022-04-28T16:10:41","guid":{"rendered":"https:\/\/www.actualidadadiario.com\/?p=85556"},"modified":"2022-04-28T13:10:41","modified_gmt":"2022-04-28T16:10:41","slug":"con-la-presencia-del-ministro-bahillo-se-reunio-la-mesa-citricola-provincial-en-villa-del-rosario","status":"publish","type":"post","link":"https:\/\/www.actualidadadiario.com\/index.php\/2022\/04\/28\/con-la-presencia-del-ministro-bahillo-se-reunio-la-mesa-citricola-provincial-en-villa-del-rosario\/","title":{"rendered":"Con la presencia del ministro Bahillo, se reuni\u00f3 la Mesa Citr\u00edcola Provincial en Villa del Rosario"},"content":{"rendered":"<p style=\"text-align: center;\"><em><strong>El encuentro tuvo lugar este mi\u00e9rcoles en el Centro Cultural de la localidad. Del mismo particip\u00f3 el ministro de Producci\u00f3n, Turismo y Desarrollo Econ\u00f3mico de Entre R\u00edos, Juan Jos\u00e9 Bahillo, quien destac\u00f3 la \u00abrelaci\u00f3n y comunicaci\u00f3n muy fluida\u00bb que mantienen los actores que conforman la Mesa Citr\u00edcola Provincial y, entre otras cuestiones, dio algunos detalles de la misi\u00f3n comercial a Inglaterra y Alemania, de la que fue parte junto al gobernador Gustavo Bordet<\/strong><\/em><\/p>\n<p>&nbsp;<\/p>\n<p>&nbsp;<\/p>\n<p>&nbsp;<\/p>\n<p>En la ma\u00f1ana de este mi\u00e9rcoles se llev\u00f3 a cabo una reuni\u00f3n de la Mesa Citr\u00edcola Provincial. De la misma participaron el ministro de Producci\u00f3n, Turismo y Desarrollo Econ\u00f3mico de Entre R\u00edos, Juan Jos\u00e9 Bahillo; el secretario de Agricultura y Ganader\u00eda de la provincia, Lucio Amavet; la intendente de Villa del Rosario, Vanina Perini; el presidente de la Federaci\u00f3n del Citrus (FeCiER), Ariel Panozzo Galmarello; los titulares de las Asociaciones de Citricultores de Villa del Rosario, Mart\u00edn Rigoni, y de Santa Ana, Mario Toler; el responsable t\u00e9cnico de la Agencia INTA Chajar\u00ed, Sebasti\u00e1n Perini; y el coordinador el Ente Fitosanitario FeCiER, Juan Verliac.<\/p>\n<p>Durante el encuentro se abordaron temas referidos al programa de monitoreo del HLB, acciones realizadas en el marco de la Ley Citr\u00edcola Provincial, control de mosca de los frutos, l\u00edneas de financiamiento disponibles, organizaci\u00f3n del Congreso Citr\u00edcola Nacional y propuesta de la Ley Citr\u00edcola Provincial.<\/p>\n<p>Al dirigirse a los presentes, el ministro Juan Jos\u00e9 Bahillo dijo que \u00abadem\u00e1s de la agenda que se viene trabajando entre el Ministerio, la Mesa Citr\u00edcola y todas las entidades que la conforman, tanto del sector privado como el p\u00fablico, mantenemos permanentemente una relaci\u00f3n y comunicaci\u00f3n muy fluida entre todos los actores de la Mesa\u00bb. En ese sentido, se\u00f1al\u00f3 que \u00abesto se debe destacar, porque la construcci\u00f3n de la confianza y el di\u00e1logo lleva tiempo y, m\u00e1s all\u00e1 de coincidencias o disidencias, hemos podido trabajar en conjunto y establecer un cronograma de trabajo y objetivos, y en esto venimos avanzando en los \u00faltimos dos a\u00f1os, desde la conformaci\u00f3n de esta Mesa\u00bb.<\/p>\n<p>Al hacer referencia al programa de lucha contra el HLB, el funcionario provincial indic\u00f3 que \u00aben un primer momento parec\u00eda casi inalcanzable, porque era muy ambicioso, pero afortunadamente lo pudimos poner en marcha, con participaci\u00f3n y fondos compartidos tanto del sector como de la Provincia\u00bb.<\/p>\n<p>M\u00e1s adelante, asegur\u00f3 que \u00abestamos trabajando en la b\u00fasqueda de financiamiento para la instalaci\u00f3n de sistemas de riego en la producci\u00f3n citr\u00edcola y tambi\u00e9n para la sustituci\u00f3n de plantas en quintas que se encuentran afectadas\u00bb.<\/p>\n<p>Luego record\u00f3 que \u00abel a\u00f1o pasado se sancion\u00f3 una ley que establece como actividad industrial a los sectores de empaques de ar\u00e1ndanos, c\u00edtricos y nuez, lo que me parece importante resaltar porque se los encuadra en otra al\u00edcuota de Ingresos Brutos, se reducen los costos de la tarifa el\u00e9ctrica y tienen mayor posibilidad de acceder a otros programas del gobierno o financiamientos\u00bb.<\/p>\n<p>P\u00e1rrafo aparte, Bahillo dio algunos detalles de la misi\u00f3n comercial a Inglaterra y Alemania, de la que fue parte junto al gobernador Gustavo Bordet. \u00abPor un planteo del sector, ante la incertidumbre que ten\u00edan por el comienzo del conflicto b\u00e9lico entre Rusia y Ucrania, el gobernador decidi\u00f3 r\u00e1pidamente emprender una misi\u00f3n a Londres y a Berl\u00edn, que coincidi\u00f3 con la Fruit Log\u00edstica, la feria de alimentos m\u00e1s grande del mundo; y en menos de un mes pudimos establecer una agenda de trabajo que realmente fue positiva\u00bb, afirm\u00f3.<\/p>\n<p>Para finalizar, asegur\u00f3 que \u00aben Londres se mostraron muy interesados y hubo un contacto muy importante establecido por Canciller\u00eda con la C\u00e1mara \u00c1rabe-Brit\u00e1nica, donde quedamos en enviar nuestra oferta exportable conformada por cinco productos, fundamentalmente los c\u00edtricos, que son los que tenemos como prioridad\u00bb.<\/p>\n<p>De la reuni\u00f3n tambi\u00e9n participaron referentes del programa de lucha contra el HLB en SENASA e INTA, representantes de la C\u00e1mara de Exportadores de Citrus del Noreste Argentino (CECNEA), los secretarios de Gobierno de Villa del Rosario, Diego Cortiana; y de Santa Ana, Carlos Dalzotto; y algunos productores citr\u00edcolas.<\/p>\n","protected":false},"excerpt":{"rendered":"<p>El encuentro tuvo lugar este mi\u00e9rcoles en el Centro Cultural de la localidad. Del mismo particip\u00f3 el ministro de Producci\u00f3n, Turismo y Desarrollo Econ\u00f3mico de Entre R\u00edos, Juan Jos\u00e9 Bahillo, quien destac\u00f3 la \u00abrelaci\u00f3n y comunicaci\u00f3n muy fluida\u00bb que mantienen los actores que conforman la Mesa Citr\u00edcola Provincial y, entre otras cuestiones, dio algunos detalles de la misi\u00f3n comercial a Inglaterra y Alemania, de la que fue parte junto al gobernador Gustavo Bordet &nbsp; &nbsp; &nbsp; En la ma\u00f1ana de este mi\u00e9rcoles se llev\u00f3 a cabo una reuni\u00f3n de la&#8230;<\/p>\n","protected":false},"author":3,"featured_media":85557,"comment_status":"closed","ping_status":"closed","sticky":false,"template":"","format":"standard","meta":[],"categories":[15],"tags":[],"_links":{"self":[{"href":"https:\/\/www.actualidadadiario.com\/index.php\/wp-json\/wp\/v2\/posts\/85556"}],"collection":[{"href":"https:\/\/www.actualidadadiario.com\/index.php\/wp-json\/wp\/v2\/posts"}],"about":[{"href":"https:\/\/www.actualidadadiario.com\/index.php\/wp-json\/wp\/v2\/types\/post"}],"author":[{"embeddable":true,"href":"https:\/\/www.actualidadadiario.com\/index.php\/wp-json\/wp\/v2\/users\/3"}],"replies":[{"embeddable":true,"href":"https:\/\/www.actualidadadiario.com\/index.php\/wp-json\/wp\/v2\/comments?post=85556"}],"version-history":[{"count":1,"href":"https:\/\/www.actualidadadiario.com\/index.php\/wp-json\/wp\/v2\/posts\/85556\/revisions"}],"predecessor-version":[{"id":85558,"href":"https:\/\/www.actualidadadiario.com\/index.php\/wp-json\/wp\/v2\/posts\/85556\/revisions\/85558"}],"wp:featuredmedia":[{"embeddable":true,"href":"https:\/\/www.actualidadadiario.com\/index.php\/wp-json\/wp\/v2\/media\/85557"}],"wp:attachment":[{"href":"https:\/\/www.actualidadadiario.com\/index.php\/wp-json\/wp\/v2\/media?parent=85556"}],"wp:term":[{"taxonomy":"category","embeddable":true,"href":"https:\/\/www.actualidadadiario.com\/index.php\/wp-json\/wp\/v2\/categories?post=85556"},{"taxonomy":"post_tag","embeddable":true,"href":"https:\/\/www.actualidadadiario.com\/index.php\/wp-json\/wp\/v2\/tags?post=85556"}],"curies":[{"name":"wp","href":"https:\/\/api.w.org\/{rel}","templated":true}]}}