{"id":85554,"date":"2022-04-28T13:09:59","date_gmt":"2022-04-28T16:09:59","guid":{"rendered":"https:\/\/www.actualidadadiario.com\/?p=85554"},"modified":"2022-04-28T13:09:59","modified_gmt":"2022-04-28T16:09:59","slug":"65-000-viviendas-ya-han-completado-el-censo-digital-en-entre-rios-2","status":"publish","type":"post","link":"https:\/\/www.actualidadadiario.com\/index.php\/2022\/04\/28\/65-000-viviendas-ya-han-completado-el-censo-digital-en-entre-rios-2\/","title":{"rendered":"65.000 viviendas ya han completado el censo digital en Entre R\u00edos"},"content":{"rendered":"<p style=\"text-align: center;\"><em><strong>El\u00a0 mi\u00e9rcoles 18 de mayo se realizar\u00e1 en el pa\u00eds el censo nacional, ese d\u00eda ser\u00e1 feriado para que las personas puedan quedarse en sus hogares y recibir a los censistas. Este a\u00f1o se cuenta con la oportunidad de realizar el censo de manera online<\/strong><\/em><\/p>\n<p>&nbsp;<\/p>\n<p>&nbsp;<\/p>\n<p>Mar\u00eda Jos\u00e9 Haberkorn, perteneciente de la Direcci\u00f3n general de estad\u00edsticas y censos de la provincia de Entre R\u00edos, dialog\u00f3 este mi\u00e9rcoles con RADIO CHAJARI y despej\u00f3 las dudas m\u00e1s frecuentes que surgen en cuanto al censo.<\/p>\n<p>La entrevistada cont\u00f3 que hasta el momento unas 65.000 viviendas ya han completado el censo digital. En ese sentido, dijo que esto no quiere decir que el d\u00eda 18 los censistas no pasen por dichos hogares, pasar\u00e1n pero la visita ser\u00e1 de solo unos minutos, buscar\u00e1n el c\u00f3digo el que accedieron al realizar el censo online y realizar\u00e1n dos preguntas de rutina. En los hogares que no se realiz\u00f3 el censo digital, la visita ser\u00e1 m\u00e1s larga, ya que los censistas deber\u00e1n realizar todas las preguntas de manera presencial.<\/p>\n<p>En la vivienda a censar debe haber por lo menos una persona mayor de 18 a\u00f1os de edad.<\/p>\n<p>Muchos interrogantes surgen con respecto a las familias que tienen hijos estudiando en otras provincias, ya que no saben d\u00f3nde deben censar a dichos j\u00f3venes. Haberkorn manifest\u00f3 que las personas se deben censar en el lugar donde vivan la mayor cantidad de tiempo, por lo que los estudiantes que viven en otras localidades se tendr\u00e1n que censar all\u00ed y no en su ciudad de origen.<\/p>\n<p>En el caso de los padres separados con tenencia compartida, vale la misma aclaraci\u00f3n, los ni\u00f1os deben censarse en el hogar donde est\u00e1n por lo menos 4 de los 7 d\u00edas de la semana.<\/p>\n<p>\u201cUn censo se usa para muchas cosas, uno espera poder brindar una herramienta para que los hacedores de pol\u00edticas p\u00fablicas tengan un foto actualizada para poder abordar las demandas y problem\u00e1ticas que surgen en la sociedad\u201d dijo Haberkorn.<\/p>\n<p>&nbsp;<\/p>\n<p><strong>Censistas<\/strong><\/p>\n<p>Sobre los censistas, expres\u00f3 que el d\u00eda 18 se trasladar\u00e1n usando una pechera y una credencial con todos sus datos personales.<\/p>\n<p>Los censistas rurales cobrar\u00e1n 8500 pesos por el trabajo realizado y los urbanos 6000.<\/p>\n<p>Para poder trabajar en el censo tiempo atr\u00e1s se abri\u00f3 una convocatoria, la misma ya fue cerrada.<\/p>\n","protected":false},"excerpt":{"rendered":"<p>El\u00a0 mi\u00e9rcoles 18 de mayo se realizar\u00e1 en el pa\u00eds el censo nacional, ese d\u00eda ser\u00e1 feriado para que las personas puedan quedarse en sus hogares y recibir a los censistas. Este a\u00f1o se cuenta con la oportunidad de realizar el censo de manera online &nbsp; &nbsp; Mar\u00eda Jos\u00e9 Haberkorn, perteneciente de la Direcci\u00f3n general de estad\u00edsticas y censos de la provincia de Entre R\u00edos, dialog\u00f3 este mi\u00e9rcoles con RADIO CHAJARI y despej\u00f3 las dudas m\u00e1s frecuentes que surgen en cuanto al censo. La entrevistada cont\u00f3 que hasta el momento&#8230;<\/p>\n","protected":false},"author":3,"featured_media":84275,"comment_status":"closed","ping_status":"closed","sticky":false,"template":"","format":"standard","meta":[],"categories":[9,15],"tags":[],"_links":{"self":[{"href":"https:\/\/www.actualidadadiario.com\/index.php\/wp-json\/wp\/v2\/posts\/85554"}],"collection":[{"href":"https:\/\/www.actualidadadiario.com\/index.php\/wp-json\/wp\/v2\/posts"}],"about":[{"href":"https:\/\/www.actualidadadiario.com\/index.php\/wp-json\/wp\/v2\/types\/post"}],"author":[{"embeddable":true,"href":"https:\/\/www.actualidadadiario.com\/index.php\/wp-json\/wp\/v2\/users\/3"}],"replies":[{"embeddable":true,"href":"https:\/\/www.actualidadadiario.com\/index.php\/wp-json\/wp\/v2\/comments?post=85554"}],"version-history":[{"count":1,"href":"https:\/\/www.actualidadadiario.com\/index.php\/wp-json\/wp\/v2\/posts\/85554\/revisions"}],"predecessor-version":[{"id":85555,"href":"https:\/\/www.actualidadadiario.com\/index.php\/wp-json\/wp\/v2\/posts\/85554\/revisions\/85555"}],"wp:featuredmedia":[{"embeddable":true,"href":"https:\/\/www.actualidadadiario.com\/index.php\/wp-json\/wp\/v2\/media\/84275"}],"wp:attachment":[{"href":"https:\/\/www.actualidadadiario.com\/index.php\/wp-json\/wp\/v2\/media?parent=85554"}],"wp:term":[{"taxonomy":"category","embeddable":true,"href":"https:\/\/www.actualidadadiario.com\/index.php\/wp-json\/wp\/v2\/categories?post=85554"},{"taxonomy":"post_tag","embeddable":true,"href":"https:\/\/www.actualidadadiario.com\/index.php\/wp-json\/wp\/v2\/tags?post=85554"}],"curies":[{"name":"wp","href":"https:\/\/api.w.org\/{rel}","templated":true}]}}