{"id":85550,"date":"2022-04-28T13:09:02","date_gmt":"2022-04-28T16:09:02","guid":{"rendered":"https:\/\/www.actualidadadiario.com\/?p=85550"},"modified":"2022-04-28T13:09:02","modified_gmt":"2022-04-28T16:09:02","slug":"el-circulo-rojo-hace-catarsis-en-el-llao-llao-y-espera-por-el-proyecto-de-renta-inesperada","status":"publish","type":"post","link":"https:\/\/www.actualidadadiario.com\/index.php\/2022\/04\/28\/el-circulo-rojo-hace-catarsis-en-el-llao-llao-y-espera-por-el-proyecto-de-renta-inesperada\/","title":{"rendered":"El &#8220;c\u00edrculo rojo&#8221; hace catarsis en el Llao Llao y espera por el proyecto de renta inesperada"},"content":{"rendered":"<p style=\"text-align: center;\"><em><strong>El ministro Mart\u00edn Guzm\u00e1n arranc\u00f3 ayer su ronda de presentaciones ante empresarios con su participaci\u00f3n en IDEA. Ma\u00f1ana se juega una parada complicada ante los empresarios en el exclusivo c\u00f3nclave del Foro Llao Llao en Bariloche<\/strong><\/em><\/p>\n<p>&nbsp;<\/p>\n<p>&nbsp;<\/p>\n<p>En la previa de la exposici\u00f3n ante el \u201cC\u00edrculo rojo\u201d en el Foro Llao Llao, el ministro de Econom\u00eda Mart\u00edn Guzm\u00e1n empez\u00f3 con su gira de charlas y exposiciones ante los empresarios nacionales, buscando la aprobaci\u00f3n de su proyecto de renta inesperada. Llevar\u00e1 adelante una tarea tit\u00e1nica en pos de lograr la aceptaci\u00f3n de un nuevo impuesto a las ganancias de un sector reducido del empresariado.<\/p>\n<p>Ayer expuso en IDEA, coloquio que tiene como sede este a\u00f1o a la provincia de Neuqu\u00e9n. Fue un d\u00eda antes de arribar a Bariloche, donde estar\u00e1 cara a cara ante los empresarios m\u00e1s importantes del pa\u00eds, en un c\u00f3nclave exclusivo &#8211; casi secreto &#8211; que comenz\u00f3 ayer en Bariloche y tendr\u00e1 el cierre con la participaci\u00f3n de Guzm\u00e1n ma\u00f1ana.<\/p>\n<p>En la participaci\u00f3n de ayer en IDEA, de forma virtual, el ministro de Econom\u00eda comenz\u00f3 con su avanzada: &#8220;Estamos trabajando con las empresas del sector privado y el Banco Central para articular entendimientos que den lugar a cambios normativos. Esperamos presentarlos en los pr\u00f3ximos d\u00edas&#8221;, expres\u00f3.<\/p>\n<p>En medio de cruces e internas del espacio pol\u00edtico del gobierno, Mart\u00edn Guzm\u00e1n busca dar una prueba de car\u00e1cter y marcar la cancha antes sectores empresarios, sindicatos e industriales. Desde su regreso de Washington, donde estuvo cerrando detalles del acuerdo con el FMI, el ministro volvi\u00f3 y tom\u00f3 como temas centrales de su agenda la energ\u00eda y la industria. En esa cruzada clave, tendr\u00e1 una parada dif\u00edcil ante el \u201cC\u00edrculo rojo\u201d en el Foro Llao Llao,<\/p>\n<p>A pesar de las cr\u00edticas, desde la oposici\u00f3n y el empresariado concuerdan en que Guzm\u00e1n \u201ces un hombre de di\u00e1logo\u201d, algo que permite interpretar que las conversaciones ser\u00e1n en buen tono y sin cruces. Sin embargo, el tema del cobro de un nuevo impuesto \u201ca la renta inesperada\u201d genera rispideces y rechazo dentro del empresariado nacional. Esa ser\u00e1 su misi\u00f3n principal, de acuerdo al plan del Gobierno.<\/p>\n<p>Cabe recordar que su mensaje ser\u00e1 ante una platea que tendr\u00e1 entre sus invitados a Agust\u00edn Otero Monsegur, Carlos Miguens, Eduardo Elsztain, Federico Braun, Guibert Englebienne, Karina Rom\u00e1n, Luciano Nicora, Marcos Galperin, Martin Migoya, Roberto Murchison, Sebastian Bag\u00f3 y Veronica Andreani, entre otros. Todos \u201cpesos pesados\u201d de las empresas que pondr\u00e1n bajo la lupa la propuesta de Guzm\u00e1n.<\/p>\n","protected":false},"excerpt":{"rendered":"<p>El ministro Mart\u00edn Guzm\u00e1n arranc\u00f3 ayer su ronda de presentaciones ante empresarios con su participaci\u00f3n en IDEA. Ma\u00f1ana se juega una parada complicada ante los empresarios en el exclusivo c\u00f3nclave del Foro Llao Llao en Bariloche &nbsp; &nbsp; En la previa de la exposici\u00f3n ante el \u201cC\u00edrculo rojo\u201d en el Foro Llao Llao, el ministro de Econom\u00eda Mart\u00edn Guzm\u00e1n empez\u00f3 con su gira de charlas y exposiciones ante los empresarios nacionales, buscando la aprobaci\u00f3n de su proyecto de renta inesperada. Llevar\u00e1 adelante una tarea tit\u00e1nica en pos de lograr la&#8230;<\/p>\n","protected":false},"author":3,"featured_media":85551,"comment_status":"closed","ping_status":"closed","sticky":false,"template":"","format":"standard","meta":[],"categories":[18],"tags":[],"_links":{"self":[{"href":"https:\/\/www.actualidadadiario.com\/index.php\/wp-json\/wp\/v2\/posts\/85550"}],"collection":[{"href":"https:\/\/www.actualidadadiario.com\/index.php\/wp-json\/wp\/v2\/posts"}],"about":[{"href":"https:\/\/www.actualidadadiario.com\/index.php\/wp-json\/wp\/v2\/types\/post"}],"author":[{"embeddable":true,"href":"https:\/\/www.actualidadadiario.com\/index.php\/wp-json\/wp\/v2\/users\/3"}],"replies":[{"embeddable":true,"href":"https:\/\/www.actualidadadiario.com\/index.php\/wp-json\/wp\/v2\/comments?post=85550"}],"version-history":[{"count":2,"href":"https:\/\/www.actualidadadiario.com\/index.php\/wp-json\/wp\/v2\/posts\/85550\/revisions"}],"predecessor-version":[{"id":85553,"href":"https:\/\/www.actualidadadiario.com\/index.php\/wp-json\/wp\/v2\/posts\/85550\/revisions\/85553"}],"wp:featuredmedia":[{"embeddable":true,"href":"https:\/\/www.actualidadadiario.com\/index.php\/wp-json\/wp\/v2\/media\/85551"}],"wp:attachment":[{"href":"https:\/\/www.actualidadadiario.com\/index.php\/wp-json\/wp\/v2\/media?parent=85550"}],"wp:term":[{"taxonomy":"category","embeddable":true,"href":"https:\/\/www.actualidadadiario.com\/index.php\/wp-json\/wp\/v2\/categories?post=85550"},{"taxonomy":"post_tag","embeddable":true,"href":"https:\/\/www.actualidadadiario.com\/index.php\/wp-json\/wp\/v2\/tags?post=85550"}],"curies":[{"name":"wp","href":"https:\/\/api.w.org\/{rel}","templated":true}]}}