{"id":85547,"date":"2022-04-28T13:08:24","date_gmt":"2022-04-28T16:08:24","guid":{"rendered":"https:\/\/www.actualidadadiario.com\/?p=85547"},"modified":"2022-04-28T13:08:24","modified_gmt":"2022-04-28T16:08:24","slug":"cafiero-expone-en-el-senado-sobre-el-ex-vicecanciller-que-firmo-borracho-un-acuerdo-de-malvinas","status":"publish","type":"post","link":"https:\/\/www.actualidadadiario.com\/index.php\/2022\/04\/28\/cafiero-expone-en-el-senado-sobre-el-ex-vicecanciller-que-firmo-borracho-un-acuerdo-de-malvinas\/","title":{"rendered":"Cafiero expone en el Senado sobre el ex vicecanciller que firm\u00f3 borracho un acuerdo de Malvinas"},"content":{"rendered":"<p style=\"text-align: center;\"><em><strong>Es Carlos Foradori, quien suscribi\u00f3 un acuerdo en 2016 con un funcionario brit\u00e1nico, que dice haberlo visto bajo las consecuencias del alcohol<\/strong><\/em><\/p>\n<p>&nbsp;<\/p>\n<p>&nbsp;<\/p>\n<p>&nbsp;<\/p>\n<p>Santiago Cafiero volver\u00e1 al Congreso como canciller cuando el pr\u00f3ximo martes 3 a las 18 horas exponga ante la Comisi\u00f3n de Relaciones Exteriores y Culto del Senado, seg\u00fan confirm\u00f3 su presidente, el oficialista Adolfo Rodr\u00edguez Sa\u00e1.<\/p>\n<p>La visita fue confirmada por el puntano, que respondi\u00f3 un pedido del radical Julio Mart\u00ednez, quien hab\u00eda cuestionado la falta de respuesta inicial sobre la invasi\u00f3n de Rusia a Ucrania. Record\u00f3 su pedido para que el presidente del pa\u00eds atacado Volod\u00edmir Zelenski hable en el parlamento.<\/p>\n<p>&#8220;La embajada de Ucrania nos dijo que somos uno de los pocos parlamentos del mundo que no se expres\u00f3. Es algo pendiente&#8221;, sostuvo Mart\u00ednez.<\/p>\n<p>Rodr\u00edguez Sa\u00e1 confirm\u00f3 la visita de Cafiero, pero confirm\u00f3 que le preguntar\u00e1 por otro episodio: la declaraci\u00f3n del ex diplom\u00e1tico brit\u00e1nico Alan Duncan, quien dojo que el ex vicecanciller de Macri firm\u00f3 borracho un acuerdo sobre Malvinas en 2016, que fuera cuestionado por el kirchnerismo por dejaba en una zona gris los reclamos de soberan\u00eda.<\/p>\n<p>&#8220;Quiero saber la opini\u00f3n a Canciller\u00eda sobre este tema, qu\u00e9 investigaci\u00f3n se ha hecho, qu\u00e9 es lo cierto y lo no cierto&#8221;, sostuvo Rodr\u00edguez Sa\u00e1. La fueguina Mar\u00eda Eugenia Dur\u00e9 sostuvo que &#8220;le parece sumamente preocupante, porque todos sabemos lo que ha significado este acuerdo para nuestro pa\u00eds, en realidad una comunicaci\u00f3n&#8221;.<\/p>\n<p>&#8220;De todos modos, luego el entonces presidente ratific\u00f3 ese acuerdo y entendemos que estaba sobrio. Me preocupa mucho lo que se ha hecho durante cuatro con la cuesti\u00f3n Malvinas; la manera de desmalvinizar, de denostar nuestra causa y nuestra cuesti\u00f3n Malvinas, diplom\u00e1ticamente sobre todo&#8221;.<\/p>\n<p>Humberto Schiavoni, del PRO, sostuvo que hay &#8220;declaraciones del exembajador (Mark) Kent de Gran Breta\u00f1a, que particip\u00f3 en esa reuni\u00f3n, donde supuestamente pas\u00f3 lo que acaba de mencionar la senadora Dur\u00e9, y lo desmiente categ\u00f3ricamente&#8221;.<\/p>\n<p>&#8220;Malvinas es una de las pocas cuestiones de Estado que tiene Argentina. No hubo un solo gobierno argentino, ni democr\u00e1tico, ni dictadura, que haya reconocido la soberan\u00eda de Gran Breta\u00f1a, absolutamente todos lo rechazaron&#8221;, sostuvo Mart\u00ednez.<\/p>\n<p>El senador Luis Juez, sugiri\u00f3 citar a Foradori, &#8220;que es un hombre del servicio exterior de la Naci\u00f3n, debe tener m\u00e1s de 30 a\u00f1os de antig\u00fcedad con distintos gobiernos, trabajando en distintas canciller\u00edas, defendiendo los intereses del pa\u00eds&#8221;.<\/p>\n<p>La apoy\u00f3 la santafesina Carolina Losada. &#8220;Me sorprende que hayamos ca\u00eddo tanto en la grieta que le creamos m\u00e1s a un funcionario brit\u00e1nico que a uno argentino&#8221;.<\/p>\n","protected":false},"excerpt":{"rendered":"<p>Es Carlos Foradori, quien suscribi\u00f3 un acuerdo en 2016 con un funcionario brit\u00e1nico, que dice haberlo visto bajo las consecuencias del alcohol &nbsp; &nbsp; &nbsp; Santiago Cafiero volver\u00e1 al Congreso como canciller cuando el pr\u00f3ximo martes 3 a las 18 horas exponga ante la Comisi\u00f3n de Relaciones Exteriores y Culto del Senado, seg\u00fan confirm\u00f3 su presidente, el oficialista Adolfo Rodr\u00edguez Sa\u00e1. La visita fue confirmada por el puntano, que respondi\u00f3 un pedido del radical Julio Mart\u00ednez, quien hab\u00eda cuestionado la falta de respuesta inicial sobre la invasi\u00f3n de Rusia a&#8230;<\/p>\n","protected":false},"author":3,"featured_media":85548,"comment_status":"closed","ping_status":"closed","sticky":false,"template":"","format":"standard","meta":[],"categories":[18],"tags":[],"_links":{"self":[{"href":"https:\/\/www.actualidadadiario.com\/index.php\/wp-json\/wp\/v2\/posts\/85547"}],"collection":[{"href":"https:\/\/www.actualidadadiario.com\/index.php\/wp-json\/wp\/v2\/posts"}],"about":[{"href":"https:\/\/www.actualidadadiario.com\/index.php\/wp-json\/wp\/v2\/types\/post"}],"author":[{"embeddable":true,"href":"https:\/\/www.actualidadadiario.com\/index.php\/wp-json\/wp\/v2\/users\/3"}],"replies":[{"embeddable":true,"href":"https:\/\/www.actualidadadiario.com\/index.php\/wp-json\/wp\/v2\/comments?post=85547"}],"version-history":[{"count":1,"href":"https:\/\/www.actualidadadiario.com\/index.php\/wp-json\/wp\/v2\/posts\/85547\/revisions"}],"predecessor-version":[{"id":85549,"href":"https:\/\/www.actualidadadiario.com\/index.php\/wp-json\/wp\/v2\/posts\/85547\/revisions\/85549"}],"wp:featuredmedia":[{"embeddable":true,"href":"https:\/\/www.actualidadadiario.com\/index.php\/wp-json\/wp\/v2\/media\/85548"}],"wp:attachment":[{"href":"https:\/\/www.actualidadadiario.com\/index.php\/wp-json\/wp\/v2\/media?parent=85547"}],"wp:term":[{"taxonomy":"category","embeddable":true,"href":"https:\/\/www.actualidadadiario.com\/index.php\/wp-json\/wp\/v2\/categories?post=85547"},{"taxonomy":"post_tag","embeddable":true,"href":"https:\/\/www.actualidadadiario.com\/index.php\/wp-json\/wp\/v2\/tags?post=85547"}],"curies":[{"name":"wp","href":"https:\/\/api.w.org\/{rel}","templated":true}]}}