{"id":85544,"date":"2022-04-28T13:07:43","date_gmt":"2022-04-28T16:07:43","guid":{"rendered":"https:\/\/www.actualidadadiario.com\/?p=85544"},"modified":"2022-04-28T13:07:43","modified_gmt":"2022-04-28T16:07:43","slug":"alberto-fernandez-asistira-al-acto-por-el-dia-del-holocausto-en-el-cck","status":"publish","type":"post","link":"https:\/\/www.actualidadadiario.com\/index.php\/2022\/04\/28\/alberto-fernandez-asistira-al-acto-por-el-dia-del-holocausto-en-el-cck\/","title":{"rendered":"Alberto Fern\u00e1ndez asistir\u00e1 al acto por el D\u00eda del Holocausto en el CCK"},"content":{"rendered":"<p style=\"text-align: center;\"><em><strong>La actividad es organizada por la Delegaci\u00f3n de Asociaciones Israelitas Argentinas (DAIA) y el Museo del Holocausto para recordar el 79\u00b0 aniversario del Levantamiento del Gueto de Varsovia<\/strong><\/em><\/p>\n<p>&nbsp;<\/p>\n<p>&nbsp;<\/p>\n<p>El presidente Alberto Fern\u00e1ndez asistir\u00e1 este jueves en el Centro Cultural Kirchner (CCK) al acto central en conmemoraci\u00f3n del 79\u00b0 aniversario del Levantamiento del Gueto de Varsovia, informaron fuentes oficiales.<\/p>\n<p>El acto, al que el mandatario asistir\u00e1 a las 20, es organizado por la Delegaci\u00f3n de Asociaciones Israelitas Argentinas (DAIA) y el Museo del Holocausto.<\/p>\n<p>Seg\u00fan inform\u00f3 la DAIA, la conmemoraci\u00f3n comenzar\u00e1 a las 18.30 en la sala sinf\u00f3nica del CCK, con el lema &#8220;Iom Hashoa Vehavgura&#8221; para homenajear a los ciudadanos de origen jud\u00edo que fueron v\u00edctimas del genocidio perpetrado por el nazismo en la Sho\u00e1 (Holocausto).<\/p>\n<p>&#8220;Hoy conmemoramos Iom HaSho\u00e1, el D\u00eda de Recordaci\u00f3n de las V\u00edctimas del Holocausto y el Hero\u00edsmo. Traemos al presente la memoria de los 6.000.000 de jud\u00edos brutalmente asesinados por el r\u00e9gimen nazi, y rendimos homenaje a los h\u00e9roes del gueto de Varsovia&#8221;, public\u00f3 la AMIA en su cuenta de Twitter.<\/p>\n<p>&#8220;Recordamos mirando al pasado, pero tambi\u00e9n al futuro. Porque tenemos un compromiso con la vida, sostenemos siempre la esperanza de construir un mundo libre de toda forma discriminaci\u00f3n, opresi\u00f3n y violencia&#8221;, agreg\u00f3 la instituci\u00f3n.<\/p>\n<p>Desde Israel, donde encabeza una gira con funcionarios y gobernadores, el ministro del Interior, Eduardo &#8216;Wado&#8217; de Pedro expres\u00f3, a trav\u00e9s de su cuenta de Twitter: &#8220;Hoy en Israel es #YomHashoah, d\u00eda del recuerdo a las y los jud\u00edos asesinados durante el Holocausto y a quienes heroicamente resistieron contra los nazis. Al sonar las sirenas todos se detienen; sin importar d\u00f3nde est\u00e9n rinden, en silencio, homenaje a las v\u00edctimas #Nuncaolvidar&#8221;.<\/p>\n","protected":false},"excerpt":{"rendered":"<p>La actividad es organizada por la Delegaci\u00f3n de Asociaciones Israelitas Argentinas (DAIA) y el Museo del Holocausto para recordar el 79\u00b0 aniversario del Levantamiento del Gueto de Varsovia &nbsp; &nbsp; El presidente Alberto Fern\u00e1ndez asistir\u00e1 este jueves en el Centro Cultural Kirchner (CCK) al acto central en conmemoraci\u00f3n del 79\u00b0 aniversario del Levantamiento del Gueto de Varsovia, informaron fuentes oficiales. El acto, al que el mandatario asistir\u00e1 a las 20, es organizado por la Delegaci\u00f3n de Asociaciones Israelitas Argentinas (DAIA) y el Museo del Holocausto. Seg\u00fan inform\u00f3 la DAIA, la&#8230;<\/p>\n","protected":false},"author":3,"featured_media":85545,"comment_status":"closed","ping_status":"closed","sticky":false,"template":"","format":"standard","meta":[],"categories":[18],"tags":[],"_links":{"self":[{"href":"https:\/\/www.actualidadadiario.com\/index.php\/wp-json\/wp\/v2\/posts\/85544"}],"collection":[{"href":"https:\/\/www.actualidadadiario.com\/index.php\/wp-json\/wp\/v2\/posts"}],"about":[{"href":"https:\/\/www.actualidadadiario.com\/index.php\/wp-json\/wp\/v2\/types\/post"}],"author":[{"embeddable":true,"href":"https:\/\/www.actualidadadiario.com\/index.php\/wp-json\/wp\/v2\/users\/3"}],"replies":[{"embeddable":true,"href":"https:\/\/www.actualidadadiario.com\/index.php\/wp-json\/wp\/v2\/comments?post=85544"}],"version-history":[{"count":1,"href":"https:\/\/www.actualidadadiario.com\/index.php\/wp-json\/wp\/v2\/posts\/85544\/revisions"}],"predecessor-version":[{"id":85546,"href":"https:\/\/www.actualidadadiario.com\/index.php\/wp-json\/wp\/v2\/posts\/85544\/revisions\/85546"}],"wp:featuredmedia":[{"embeddable":true,"href":"https:\/\/www.actualidadadiario.com\/index.php\/wp-json\/wp\/v2\/media\/85545"}],"wp:attachment":[{"href":"https:\/\/www.actualidadadiario.com\/index.php\/wp-json\/wp\/v2\/media?parent=85544"}],"wp:term":[{"taxonomy":"category","embeddable":true,"href":"https:\/\/www.actualidadadiario.com\/index.php\/wp-json\/wp\/v2\/categories?post=85544"},{"taxonomy":"post_tag","embeddable":true,"href":"https:\/\/www.actualidadadiario.com\/index.php\/wp-json\/wp\/v2\/tags?post=85544"}],"curies":[{"name":"wp","href":"https:\/\/api.w.org\/{rel}","templated":true}]}}