{"id":85542,"date":"2022-04-28T13:06:55","date_gmt":"2022-04-28T16:06:55","guid":{"rendered":"https:\/\/www.actualidadadiario.com\/?p=85542"},"modified":"2022-04-28T13:06:55","modified_gmt":"2022-04-28T16:06:55","slug":"debate-sobre-suba-de-miembros-en-la-corte-se-inicio-con-choques-entre-el-oficialismo-y-la-oposicion","status":"publish","type":"post","link":"https:\/\/www.actualidadadiario.com\/index.php\/2022\/04\/28\/debate-sobre-suba-de-miembros-en-la-corte-se-inicio-con-choques-entre-el-oficialismo-y-la-oposicion\/","title":{"rendered":"Debate sobre suba de miembros en la Corte se inici\u00f3 con choques entre el oficialismo y la oposici\u00f3n"},"content":{"rendered":"<p style=\"text-align: center;\"><em><strong>\u201cHace una semana rompimos todos los acuerdos y ahora queremos tratar este tema\u201d, lanz\u00f3 el cordob\u00e9s, quien habl\u00f3 de \u201chipocres\u00eda\u201d. El legislador pidi\u00f3 que retirara esa expresi\u00f3n y lo acus\u00f3 de \u201chacerse el vivo\u201d. Nueva crisis en Diputados por sesi\u00f3n especial para votar la boleta \u00fanica de papel<\/strong><\/em><\/p>\n<p>&nbsp;<\/p>\n<p>&nbsp;<\/p>\n<p>&nbsp;<\/p>\n<p>\u201cLo que no cultivo es la hipocres\u00eda\u201d, remarc\u00f3 Juez, y le baj\u00f3 el pulgar a las \u201ccondiciones\u201d para entablar \u201csemejante discusi\u00f3n\u201d. En esa l\u00ednea, asegur\u00f3: \u201cTodav\u00eda no sabemos c\u00f3mo vamos a funcionar en la pr\u00f3xima sesi\u00f3n. Me parece un acto de hipocres\u00eda insostenible. Un tema tan delicado en el que ni siquiera pudimos cubrir la vacante de Highton de Nolasco\u201d.<\/p>\n<p>Quien no se qued\u00f3 callado fue Parrilli, que replic\u00f3: \u201cAc\u00e1 no se ha roto ninguna palabra. Descarto esa imputaci\u00f3n\u201d. Luego, le dej\u00f3 claro al cordob\u00e9s que se \u201chab\u00eda excedido\u201d por calificarlo de \u201chip\u00f3crita\u201d -Juez le contest\u00f3 que no era una imputaci\u00f3n personal- y le solicit\u00f3 que retirase \u201cesa expresi\u00f3n\u201d, ya que le parec\u00eda \u201cexagerada\u201d. M\u00e1s tarde, ante el ida y vuelta entre ambos, el neuquino expres\u00f3: \u201cSe est\u00e1 haciendo el vivo. No se haga el vivo, est\u00e1 grabado lo que dijo\u201d.<\/p>\n<p>Al inicio del debate, que continuar\u00e1 el mi\u00e9rcoles pr\u00f3ximo con expositores, la senadora kirchnerista Silvia Sapag coment\u00f3 los puntos principales de la iniciativa de su autor\u00eda reci\u00e9n ingresada, que propone llevar a 15 los integrantes de la Corte, con cuestiones de g\u00e9nero y federalismo incluidas. Sobre el final, y en referencia a la calidad del m\u00e1ximo tribunal de Justicia, acus\u00f3 al magistrado Carlos Rosenkrantz \u201cfug\u00f3\u201d u$s650.000 tras las PASO 2019.<\/p>\n<p>Los otros proyectos son del oficialista Adolfo Rodr\u00edguez Sa\u00e1, la oscilante Clara Vega y el aliado casi fiel del cristinismo Alberto Weretilneck. El primero realiz\u00f3 un relato hist\u00f3rico para argumentar la necesidad de subir la integraci\u00f3n de la Corte -su texto dice a nueve-, mientras que la segunda apunt\u00f3 directo a la cuesti\u00f3n de g\u00e9nero. Con fundamentos m\u00e1s s\u00f3lidos apareci\u00f3 el rionegrino -aumentar a 16 magistrados- que, m\u00e1s all\u00e1 de las cuestiones pol\u00edticas -imposibles de ocultar-, sostuvo: \u201cQue un jubilado espere, despu\u00e9s trabajar toda la vida, siete, ocho o hasta 10 a\u00f1os por un fallo previsional, nos indica que es el tema m\u00e1s importante que podemos tener. \u00bfQue la Corte tarde entre cinco y seis a\u00f1os para resolver un recurso que mantiene en libertad a un violador o asesino no es un tema de la poblaci\u00f3n? Cuanto m\u00e1s jueces, mayor pluralidad y democracia\u201d.<\/p>\n<p>Con el episodio Juez-Parrilli consumado, la opositora Beatriz \u00c1vila aport\u00f3 argumentos v\u00e1lidos sobre la premura de la discusi\u00f3n. \u201cNo hay que perder el contexto en el que estamos viviendo desde lo social. \u00bfQu\u00e9 dice la ciudadan\u00eda? \u2018Otra vez en el Senado est\u00e1n tratando temas que le interesan a los pol\u00edticos\u2019\u201d. Y agreg\u00f3: \u201cLos temas de las sesiones extraordinarias no fueron tratados y seguimos con una agenda judicial\u201d. Tampoco se olvid\u00f3 de recordar cuando Cristina de Kirchner defend\u00eda una Corte con cinco jueces.<\/p>\n<p><strong>De nuevo Parrilli<\/strong><\/p>\n<p>Anoche se conoci\u00f3 que el senador solicit\u00f3 -con considerandos de preocupaci\u00f3n- que el secretario de Asuntos Estrat\u00e9gicos de Presidencia, Gustavo B\u00e9liz, informe sobre los avances de varios proyectos relacionados con China. Todo esto, a horas de la reuni\u00f3n que Cristina de Kirchner mantuvo con la jefa del Comando Sur de los Estados Unidos, Laura Richardson, y el embajador norteamericano en la Argentina, Marc Stanley.<\/p>\n","protected":false},"excerpt":{"rendered":"<p>\u201cHace una semana rompimos todos los acuerdos y ahora queremos tratar este tema\u201d, lanz\u00f3 el cordob\u00e9s, quien habl\u00f3 de \u201chipocres\u00eda\u201d. El legislador pidi\u00f3 que retirara esa expresi\u00f3n y lo acus\u00f3 de \u201chacerse el vivo\u201d. Nueva crisis en Diputados por sesi\u00f3n especial para votar la boleta \u00fanica de papel &nbsp; &nbsp; &nbsp; \u201cLo que no cultivo es la hipocres\u00eda\u201d, remarc\u00f3 Juez, y le baj\u00f3 el pulgar a las \u201ccondiciones\u201d para entablar \u201csemejante discusi\u00f3n\u201d. En esa l\u00ednea, asegur\u00f3: \u201cTodav\u00eda no sabemos c\u00f3mo vamos a funcionar en la pr\u00f3xima sesi\u00f3n. Me parece un&#8230;<\/p>\n","protected":false},"author":3,"featured_media":85011,"comment_status":"closed","ping_status":"closed","sticky":false,"template":"","format":"standard","meta":[],"categories":[18],"tags":[],"_links":{"self":[{"href":"https:\/\/www.actualidadadiario.com\/index.php\/wp-json\/wp\/v2\/posts\/85542"}],"collection":[{"href":"https:\/\/www.actualidadadiario.com\/index.php\/wp-json\/wp\/v2\/posts"}],"about":[{"href":"https:\/\/www.actualidadadiario.com\/index.php\/wp-json\/wp\/v2\/types\/post"}],"author":[{"embeddable":true,"href":"https:\/\/www.actualidadadiario.com\/index.php\/wp-json\/wp\/v2\/users\/3"}],"replies":[{"embeddable":true,"href":"https:\/\/www.actualidadadiario.com\/index.php\/wp-json\/wp\/v2\/comments?post=85542"}],"version-history":[{"count":1,"href":"https:\/\/www.actualidadadiario.com\/index.php\/wp-json\/wp\/v2\/posts\/85542\/revisions"}],"predecessor-version":[{"id":85543,"href":"https:\/\/www.actualidadadiario.com\/index.php\/wp-json\/wp\/v2\/posts\/85542\/revisions\/85543"}],"wp:featuredmedia":[{"embeddable":true,"href":"https:\/\/www.actualidadadiario.com\/index.php\/wp-json\/wp\/v2\/media\/85011"}],"wp:attachment":[{"href":"https:\/\/www.actualidadadiario.com\/index.php\/wp-json\/wp\/v2\/media?parent=85542"}],"wp:term":[{"taxonomy":"category","embeddable":true,"href":"https:\/\/www.actualidadadiario.com\/index.php\/wp-json\/wp\/v2\/categories?post=85542"},{"taxonomy":"post_tag","embeddable":true,"href":"https:\/\/www.actualidadadiario.com\/index.php\/wp-json\/wp\/v2\/tags?post=85542"}],"curies":[{"name":"wp","href":"https:\/\/api.w.org\/{rel}","templated":true}]}}