{"id":85536,"date":"2022-04-28T13:05:16","date_gmt":"2022-04-28T16:05:16","guid":{"rendered":"https:\/\/www.actualidadadiario.com\/?p=85536"},"modified":"2022-04-28T13:05:16","modified_gmt":"2022-04-28T16:05:16","slug":"juntos-por-el-cambio-rechazo-una-alianza-con-javier-milei","status":"publish","type":"post","link":"https:\/\/www.actualidadadiario.com\/index.php\/2022\/04\/28\/juntos-por-el-cambio-rechazo-una-alianza-con-javier-milei\/","title":{"rendered":"Juntos por el Cambio rechaz\u00f3 una alianza con Javier Milei"},"content":{"rendered":"<p style=\"text-align: center;\"><em><strong>La mesa nacional de la alianza opositora reuni\u00f3 a Macri, Larreta, Morales, Vidal, Bullrich, Lousteau, Pichetto, Negri y Cornejo para limar asperezas de cara a la campa\u00f1a 2023 y aclar\u00f3 a trav\u00e9s de un comunicado oficial que no contempla la incorporaci\u00f3n del diputado libertario<\/strong><\/em><\/p>\n<p>&nbsp;<\/p>\n<p>&nbsp;<\/p>\n<p>&nbsp;<\/p>\n<p>La alianza opositora Juntos por el Cambio (JxC) reuni\u00f3 este mi\u00e9rcoles a su Mesa Nacional, en un encuentro del que participaron Mauricio Macri, Horacio Rodr\u00edguez Larreta, Gerardo Morales y Mar\u00eda Eugenia Vidal, entre otros, y ratific\u00f3 la \u00abunidad\u00bb de la coalici\u00f3n, adem\u00e1s de fijar nuevas reglas para la eventual incorporaci\u00f3n de otros partidos.<\/p>\n<p>El encuentro se llev\u00f3 a cabo en el Instituto Hannah Arendt de la ciudad de Buenos Aires, donde los referentes del espacio aprobaron un \u00abmanual de buenas pr\u00e1cticas\u00bb que establece que \u00abpara la ampliaci\u00f3n de JxC deber\u00e1 haber unanimidad de los partidos que conforman la alianza\u00bb.<\/p>\n<p>\u00abHay actores de la vida pol\u00edtica que buscan el quiebre de JxC, entre ellos Javier Milei, que no forma parte de JxC e intenta quebrar nuestra unidad siendo funcional al oficialismo\u00bb, advirti\u00f3 la coalici\u00f3n, en un documento conjunto, en referencia al diputado de La Libertad Avanza.<\/p>\n<p>Al respecto, JxC manifest\u00f3 representar \u00abel cambio sin anarqu\u00eda. Fuimos y somos, hace m\u00e1s de una d\u00e9cada, el l\u00edmite al kirchnerismo que necesita la Argentina y la alternativa de cambio profundo\u00bb, a\u00f1adi\u00f3 el texto.<\/p>\n<p>\u00abLa diversidad en la unidad ha sido desde sus or\u00edgenes una marca de esta coalici\u00f3n. La conformaci\u00f3n de la Mesa Nacional de JxC fue un paso relevante en este camino, al constituir un \u00e1mbito de discusi\u00f3n donde los partidos miembros est\u00e1n representados, tienen voz y toman decisiones\u00bb, se\u00f1al\u00f3 la coalici\u00f3n y a\u00f1adi\u00f3 que \u00abante la inminencia de volver a disputar el Gobierno nacional y los gobiernos, provinciales y municipales en 2023, se torna imprescindible dar un paso m\u00e1s hacia la consolidaci\u00f3n estableciendo reglas de funcionamiento\u00bb.<\/p>\n<p>Tras el encuentro, Morales, que integra la Mesa Nacional como presidente de la UCR, destac\u00f3 que se aprobaron las nuevas \u00abreglas de convivencia\u00bb y ponder\u00f3 \u00abel art\u00edculo 6\u00b0\u00bb, que establece que \u00abtiene que haber unanimidad para incorporar a otra fuerza pol\u00edtica\u00bb.<\/p>\n<p>En declaraciones a los medios presentes, Patricia Bullrich sostuvo, como titular del PRO, que los dirigentes coincidieron en la \u00abnecesidad fortalecer JxC y de generar un acuerdo que sea contundente y consistente con una verdadera vocaci\u00f3n de cambio, que es lo que realmente necesitamos\u00bb.<\/p>\n<p>\u00abEn este momento no estamos hablando de candidaturas, estamos fortaleciendo JxC\u00bb, insisti\u00f3 la exministra de Seguridad.<\/p>\n<p>En la reuni\u00f3n participaron los presidentes de los partidos que integran JxC: Patricia Bullrich (PRO) y Miguel \u00c1ngel Pichetto (Encuentro Republicano Federal), a quienes se sumaron los senadores Alfredo Cornejo, Humberto Schiavoni y Mart\u00edn Lousteau, y los diputados Mario Negri, Juan Manuel L\u00f3pez, Cristian Ritondo y Federico Angelini, entre otros.<\/p>\n<p>Tambi\u00e9n estuvieron presentes Ernesto Sanz (UCR) y Ram\u00f3n Puerta (Encuentro Republicano Federal).<\/p>\n<p>La agenda de JxC sigue el 13 de mayo con una reuni\u00f3n de los gobernadores del espacio en Corrientes y un encuentro sobre cambio clim\u00e1tico.<\/p>\n","protected":false},"excerpt":{"rendered":"<p>La mesa nacional de la alianza opositora reuni\u00f3 a Macri, Larreta, Morales, Vidal, Bullrich, Lousteau, Pichetto, Negri y Cornejo para limar asperezas de cara a la campa\u00f1a 2023 y aclar\u00f3 a trav\u00e9s de un comunicado oficial que no contempla la incorporaci\u00f3n del diputado libertario &nbsp; &nbsp; &nbsp; La alianza opositora Juntos por el Cambio (JxC) reuni\u00f3 este mi\u00e9rcoles a su Mesa Nacional, en un encuentro del que participaron Mauricio Macri, Horacio Rodr\u00edguez Larreta, Gerardo Morales y Mar\u00eda Eugenia Vidal, entre otros, y ratific\u00f3 la \u00abunidad\u00bb de la coalici\u00f3n, adem\u00e1s de&#8230;<\/p>\n","protected":false},"author":3,"featured_media":85537,"comment_status":"closed","ping_status":"closed","sticky":false,"template":"","format":"standard","meta":[],"categories":[18],"tags":[],"_links":{"self":[{"href":"https:\/\/www.actualidadadiario.com\/index.php\/wp-json\/wp\/v2\/posts\/85536"}],"collection":[{"href":"https:\/\/www.actualidadadiario.com\/index.php\/wp-json\/wp\/v2\/posts"}],"about":[{"href":"https:\/\/www.actualidadadiario.com\/index.php\/wp-json\/wp\/v2\/types\/post"}],"author":[{"embeddable":true,"href":"https:\/\/www.actualidadadiario.com\/index.php\/wp-json\/wp\/v2\/users\/3"}],"replies":[{"embeddable":true,"href":"https:\/\/www.actualidadadiario.com\/index.php\/wp-json\/wp\/v2\/comments?post=85536"}],"version-history":[{"count":1,"href":"https:\/\/www.actualidadadiario.com\/index.php\/wp-json\/wp\/v2\/posts\/85536\/revisions"}],"predecessor-version":[{"id":85538,"href":"https:\/\/www.actualidadadiario.com\/index.php\/wp-json\/wp\/v2\/posts\/85536\/revisions\/85538"}],"wp:featuredmedia":[{"embeddable":true,"href":"https:\/\/www.actualidadadiario.com\/index.php\/wp-json\/wp\/v2\/media\/85537"}],"wp:attachment":[{"href":"https:\/\/www.actualidadadiario.com\/index.php\/wp-json\/wp\/v2\/media?parent=85536"}],"wp:term":[{"taxonomy":"category","embeddable":true,"href":"https:\/\/www.actualidadadiario.com\/index.php\/wp-json\/wp\/v2\/categories?post=85536"},{"taxonomy":"post_tag","embeddable":true,"href":"https:\/\/www.actualidadadiario.com\/index.php\/wp-json\/wp\/v2\/tags?post=85536"}],"curies":[{"name":"wp","href":"https:\/\/api.w.org\/{rel}","templated":true}]}}