{"id":85531,"date":"2022-04-28T13:03:56","date_gmt":"2022-04-28T16:03:56","guid":{"rendered":"https:\/\/www.actualidadadiario.com\/?p=85531"},"modified":"2022-04-28T13:03:56","modified_gmt":"2022-04-28T16:03:56","slug":"renta-inesperada-la-contribucion-sera-menor-para-las-empresas-que-reinviertan","status":"publish","type":"post","link":"https:\/\/www.actualidadadiario.com\/index.php\/2022\/04\/28\/renta-inesperada-la-contribucion-sera-menor-para-las-empresas-que-reinviertan\/","title":{"rendered":"Renta inesperada: la contribuci\u00f3n ser\u00e1 menor para las empresas que reinviertan"},"content":{"rendered":"<p style=\"text-align: center;\"><em><strong>El ministro de Econom\u00eda, Mart\u00edn Guzm\u00e1n, se\u00f1al\u00f3 que \u201cel mecanismo\u201d que gravar\u00e1 los ingresos extraordinarios para las empresas comprendidas tendr\u00e1 una reducci\u00f3n en el caso que reinviertan esas ganancias<\/strong><\/em><\/p>\n<p>&nbsp;<\/p>\n<p>&nbsp;<\/p>\n<p>El ministro de Econom\u00eda, Mart\u00edn Guzm\u00e1n, se\u00f1al\u00f3 que \u201cel mecanismo\u201d que gravar\u00e1 la renta inesperada ser\u00e1 menor para las empresas comprendidas, en el caso que reinviertan esas ganancias.<\/p>\n<p>\u201cLo que se busca hacer es algo que en modo alguno desincentiva la inversi\u00f3n, porque lo que hemos planteado es que si hay una reinversi\u00f3n de la renta inesperada, no asociada a la inversi\u00f3n que gener\u00f3 la guerra, entonces, la contribuci\u00f3n ser\u00eda menor\u201d, dijo Guzm\u00e1n al participar en un encuentro sobre energ\u00eda organizado por el Instituto para el Desarrollo Empresarial de Argentina (IDEA) en la ciudad de Neuqu\u00e9n.<\/p>\n<p>Al participar del evento de manera virtual, Guzm\u00e1n destac\u00f3 que con el tema de la renta inesperada \u201clo que se busca es un mecanismo para evitar que el shock que genera la guerra en Ucrania a Argentina sea regresivo e implique un retroceso en el desarrollo de nuestra sociedad\u201d.<\/p>\n<p>\u201cPara que la sociedad funcione, mejor tenemos que tener un crecimiento que sea compartido; que haya una situaci\u00f3n de mayor equidad. Eso es fundamental para un ambiente que d\u00e9 lugar a una sociedad m\u00e1s pujante y una sociedad con mayor bienestar\u201d, agreg\u00f3.<\/p>\n<p>Guzm\u00e1n apunt\u00f3 que \u201cen el contexto que se est\u00e1 viviendo, hay sectores que han tenido una renta inesperada que no es producto de una inversi\u00f3n adicional\u201d.<\/p>\n<p>Ante este contexto, \u201chay que construir colectivamente y tambi\u00e9n sobre la base un di\u00e1logo profundo una soluci\u00f3n al problema del shock distributivo que hoy vive el mundo y en particular le pega a Argentina\u201d, enfatiz\u00f3 el ministro.<\/p>\n","protected":false},"excerpt":{"rendered":"<p>El ministro de Econom\u00eda, Mart\u00edn Guzm\u00e1n, se\u00f1al\u00f3 que \u201cel mecanismo\u201d que gravar\u00e1 los ingresos extraordinarios para las empresas comprendidas tendr\u00e1 una reducci\u00f3n en el caso que reinviertan esas ganancias &nbsp; &nbsp; El ministro de Econom\u00eda, Mart\u00edn Guzm\u00e1n, se\u00f1al\u00f3 que \u201cel mecanismo\u201d que gravar\u00e1 la renta inesperada ser\u00e1 menor para las empresas comprendidas, en el caso que reinviertan esas ganancias. \u201cLo que se busca hacer es algo que en modo alguno desincentiva la inversi\u00f3n, porque lo que hemos planteado es que si hay una reinversi\u00f3n de la renta inesperada, no asociada&#8230;<\/p>\n","protected":false},"author":3,"featured_media":78261,"comment_status":"closed","ping_status":"closed","sticky":false,"template":"","format":"standard","meta":[],"categories":[9],"tags":[],"_links":{"self":[{"href":"https:\/\/www.actualidadadiario.com\/index.php\/wp-json\/wp\/v2\/posts\/85531"}],"collection":[{"href":"https:\/\/www.actualidadadiario.com\/index.php\/wp-json\/wp\/v2\/posts"}],"about":[{"href":"https:\/\/www.actualidadadiario.com\/index.php\/wp-json\/wp\/v2\/types\/post"}],"author":[{"embeddable":true,"href":"https:\/\/www.actualidadadiario.com\/index.php\/wp-json\/wp\/v2\/users\/3"}],"replies":[{"embeddable":true,"href":"https:\/\/www.actualidadadiario.com\/index.php\/wp-json\/wp\/v2\/comments?post=85531"}],"version-history":[{"count":1,"href":"https:\/\/www.actualidadadiario.com\/index.php\/wp-json\/wp\/v2\/posts\/85531\/revisions"}],"predecessor-version":[{"id":85532,"href":"https:\/\/www.actualidadadiario.com\/index.php\/wp-json\/wp\/v2\/posts\/85531\/revisions\/85532"}],"wp:featuredmedia":[{"embeddable":true,"href":"https:\/\/www.actualidadadiario.com\/index.php\/wp-json\/wp\/v2\/media\/78261"}],"wp:attachment":[{"href":"https:\/\/www.actualidadadiario.com\/index.php\/wp-json\/wp\/v2\/media?parent=85531"}],"wp:term":[{"taxonomy":"category","embeddable":true,"href":"https:\/\/www.actualidadadiario.com\/index.php\/wp-json\/wp\/v2\/categories?post=85531"},{"taxonomy":"post_tag","embeddable":true,"href":"https:\/\/www.actualidadadiario.com\/index.php\/wp-json\/wp\/v2\/tags?post=85531"}],"curies":[{"name":"wp","href":"https:\/\/api.w.org\/{rel}","templated":true}]}}