{"id":85515,"date":"2022-04-28T12:59:24","date_gmt":"2022-04-28T15:59:24","guid":{"rendered":"https:\/\/www.actualidadadiario.com\/?p=85515"},"modified":"2022-04-28T12:59:24","modified_gmt":"2022-04-28T15:59:24","slug":"censo-2022-que-es-un-censo-de-derecho-y-que-lo-diferencia-de-todos-los-anteriores","status":"publish","type":"post","link":"https:\/\/www.actualidadadiario.com\/index.php\/2022\/04\/28\/censo-2022-que-es-un-censo-de-derecho-y-que-lo-diferencia-de-todos-los-anteriores\/","title":{"rendered":"Censo 2022: Qu\u00e9 es un censo de derecho y qu\u00e9 lo diferencia de todos los anteriores"},"content":{"rendered":"<p style=\"text-align: center;\"><em><strong>La edici\u00f3n del cuestionario censal presenta novedades, como su posibilidad de hacerlo de forma digital, preguntas referidas a las diversas identidades que habitan la Argentina<\/strong><\/em><\/p>\n<p>&nbsp;<\/p>\n<p>&nbsp;<\/p>\n<p>&nbsp;<\/p>\n<p>Esta edici\u00f3n del censo nacional presenta novedades con respecto a sus anteriores, como su posibilidad de hacerlo de forma digital, preguntas referidas al autopercibimiento, autorreconocimiento ind\u00edgena u originario, entre otras.<\/p>\n<p>A su vez, ser\u00e1 la primera vez que se realizar\u00e1 un censo de derecho, es decir, que las personas son contabilizadas seg\u00fan su lugar de residencia habitual donde pasan la mayor parte del tiempo durante la semana).<\/p>\n<p>La de \u201ccenso de derecho\u201d es la definici\u00f3n m\u00e1s utilizada a nivel mundial debido al creciente inter\u00e9s por la informaci\u00f3n y el comportamiento de los hogares y las personas en sus lugares de residencia.<\/p>\n<p>Los diez censos anteriores fueron de hecho, debido a que enumeraban a la poblaci\u00f3n en el lugar donde hab\u00eda pasado la noche previa al D\u00eda del Censo. Esa modalidad presentaba distintas dificultades para tratar luego la informaci\u00f3n sobre las personas que pasaron eventualmente la noche en el hogar, mientras que residen en otro, as\u00ed como a las que estaban ausentes por trabajar de noche.<\/p>\n<p>&nbsp;<\/p>\n<p><strong>\u00bfCu\u00e1les son los tipos de vivienda que releva el censo 2022?<\/strong><\/p>\n<p><strong>Casa<\/strong><\/p>\n<p>Vivienda con salida directa al exterior (sus habitantes no pasan por pasillos o corredores de uso com\u00fan).<\/p>\n<p>&nbsp;<\/p>\n<p><strong>Rancho<\/strong><\/p>\n<p>Vivienda con salida directa al exterior (sus habitantes no pasan por pasillos o corredores de uso com\u00fan). Generalmente tiene paredes de adobe, piso de tierra y techo de chapa o paja. Es caracter\u00edstica de \u00e1reas rurales.<\/p>\n<p>&nbsp;<\/p>\n<p><strong>Casilla<\/strong><\/p>\n<p>Vivienda con salida directa al exterior, construida originalmente para que habiten personas. Habitualmente fabricada con materiales de baja calidad o de desecho, es caracter\u00edstica de \u00e1reas urbanas.<\/p>\n<p>&nbsp;<\/p>\n<p><strong>Departamento<\/strong><\/p>\n<p>Vivienda que forma parte de un edificio o una estructura con una entrada com\u00fan que contiene, por lo menos, dos viviendas (o una vivienda y uno o m\u00e1s locales) a las que se accede a trav\u00e9s de pasillos, escaleras, zaguanes o ascensores de uso com\u00fan.<\/p>\n<p>&nbsp;<\/p>\n<p><strong>Pieza ocupada en inquilinato, hotel familiar o pensi\u00f3n<\/strong><\/p>\n<p>Ambiente o cuarto ubicado en un inquilinato, un hotel familiar, una pensi\u00f3n o un conventillo. Estos son edificios o estructuras construidos o remodelados deliberadamente para contener varias piezas con salida a uno o m\u00e1s espacios de uso com\u00fan, con la finalidad de alojar personas en forma permanente en calidad de inquilinos, hu\u00e9spedes o pensionistas.<\/p>\n<p>Generalmente, la edificaci\u00f3n tiene ba\u00f1o\/s o cocina\/s de uso compartido; esto no excluye que alguna de las habitaciones cuente con ba\u00f1o o cocina propios.<\/p>\n<p>El hotel familiar se caracteriza por pago diario, semanal, quincenal o mensual del importe del alojamiento y encuadramiento bajo la legislaci\u00f3n establecida para este tipo de comercio que se exhibe en lugares visibles o en los libros de registro del establecimiento.<\/p>\n<p>Cada pieza ocupada de inquilinato, en hotel o pensi\u00f3n familiar en la que residen habitualmente personas, es considerada una vivienda.<\/p>\n<p>&nbsp;<\/p>\n<p><strong>Local no construido para habitaci\u00f3n ocupado<\/strong><\/p>\n<p>Lugar o recinto de alojamiento estructuralmente separado e independiente \u2013con o sin una entrada com\u00fan\u2013 que no ha sido construido o adaptado para que habiten personas, pero que al momento del Censo es ocupado por personas.<\/p>\n<p>&nbsp;<\/p>\n<p><strong>Vivienda m\u00f3vil ocupada<\/strong><\/p>\n<p>Estructura construida para ser transportada (tienda de campa\u00f1a o carpa) o que constituye una unidad m\u00f3vil (barco, bote, vag\u00f3n de ferrocarril, casa rodante, cami\u00f3n, etc.) y que se utiliza como vivienda. Se considera vivienda particular solo si est\u00e1 ocupada por personas al momento del Censo.<\/p>\n<p>Cabe se\u00f1alar que el Censo 2022 indaga acerca de la cantidad de personas que viven la mayor parte del tiempo en la vivienda. Se considera que la persona vive la mayor parte del tiempo si reside o duerme en la vivienda 4 d\u00edas o m\u00e1s a la semana.<\/p>\n<p>&nbsp;<\/p>\n<p><strong>\u00bfCu\u00e1ndo es el Censo presencial 2022 de Argentina?<\/strong><\/p>\n<p>El formato tradicional ser\u00e1 el mi\u00e9rcoles 18 de mayo desde las 8 hasta las 18, indic\u00f3 el Instituto Nacional de Estad\u00edstica y Censos (INDEC).<\/p>\n<p>&nbsp;<\/p>\n<p><strong>\u00bfEs obligatorio responder el Censo?<\/strong><\/p>\n<p>Todas las personas que habitan el territorio argentino tienen que responderlo, seg\u00fan el art\u00edculo 17 del Decreto 726\/2020.<\/p>\n","protected":false},"excerpt":{"rendered":"<p>La edici\u00f3n del cuestionario censal presenta novedades, como su posibilidad de hacerlo de forma digital, preguntas referidas a las diversas identidades que habitan la Argentina &nbsp; &nbsp; &nbsp; Esta edici\u00f3n del censo nacional presenta novedades con respecto a sus anteriores, como su posibilidad de hacerlo de forma digital, preguntas referidas al autopercibimiento, autorreconocimiento ind\u00edgena u originario, entre otras. A su vez, ser\u00e1 la primera vez que se realizar\u00e1 un censo de derecho, es decir, que las personas son contabilizadas seg\u00fan su lugar de residencia habitual donde pasan la mayor parte&#8230;<\/p>\n","protected":false},"author":3,"featured_media":85444,"comment_status":"closed","ping_status":"closed","sticky":false,"template":"","format":"standard","meta":[],"categories":[2],"tags":[],"_links":{"self":[{"href":"https:\/\/www.actualidadadiario.com\/index.php\/wp-json\/wp\/v2\/posts\/85515"}],"collection":[{"href":"https:\/\/www.actualidadadiario.com\/index.php\/wp-json\/wp\/v2\/posts"}],"about":[{"href":"https:\/\/www.actualidadadiario.com\/index.php\/wp-json\/wp\/v2\/types\/post"}],"author":[{"embeddable":true,"href":"https:\/\/www.actualidadadiario.com\/index.php\/wp-json\/wp\/v2\/users\/3"}],"replies":[{"embeddable":true,"href":"https:\/\/www.actualidadadiario.com\/index.php\/wp-json\/wp\/v2\/comments?post=85515"}],"version-history":[{"count":1,"href":"https:\/\/www.actualidadadiario.com\/index.php\/wp-json\/wp\/v2\/posts\/85515\/revisions"}],"predecessor-version":[{"id":85516,"href":"https:\/\/www.actualidadadiario.com\/index.php\/wp-json\/wp\/v2\/posts\/85515\/revisions\/85516"}],"wp:featuredmedia":[{"embeddable":true,"href":"https:\/\/www.actualidadadiario.com\/index.php\/wp-json\/wp\/v2\/media\/85444"}],"wp:attachment":[{"href":"https:\/\/www.actualidadadiario.com\/index.php\/wp-json\/wp\/v2\/media?parent=85515"}],"wp:term":[{"taxonomy":"category","embeddable":true,"href":"https:\/\/www.actualidadadiario.com\/index.php\/wp-json\/wp\/v2\/categories?post=85515"},{"taxonomy":"post_tag","embeddable":true,"href":"https:\/\/www.actualidadadiario.com\/index.php\/wp-json\/wp\/v2\/tags?post=85515"}],"curies":[{"name":"wp","href":"https:\/\/api.w.org\/{rel}","templated":true}]}}