{"id":85500,"date":"2022-04-27T13:27:14","date_gmt":"2022-04-27T16:27:14","guid":{"rendered":"https:\/\/www.actualidadadiario.com\/?p=85500"},"modified":"2022-04-27T13:27:14","modified_gmt":"2022-04-27T16:27:14","slug":"eeuu-biden-lanza-plan-migratorio-para-reforzar-la-frontera-con-mexico","status":"publish","type":"post","link":"https:\/\/www.actualidadadiario.com\/index.php\/2022\/04\/27\/eeuu-biden-lanza-plan-migratorio-para-reforzar-la-frontera-con-mexico\/","title":{"rendered":"EEUU: Biden lanza plan migratorio para reforzar la frontera con M\u00e9xico"},"content":{"rendered":"<p style=\"text-align: center;\"><em><strong>El plan contempla &#8220;expulsiones r\u00e1pidas&#8221; de indocumentados y un refuerzo de los efectivos desplegados en la frontera, con la suma de 600 m\u00e1s para la Oficina de Aduanas y Protecci\u00f3n Fronteriza<\/strong><\/em><\/p>\n<p>&nbsp;<\/p>\n<p>&nbsp;<\/p>\n<p>El presidente de Estados Unidos, Joe Biden, present\u00f3 este martes un plan migratorio para reforzar la frontera con M\u00e9xico, ante la posible rescisi\u00f3n en mayo de la norma sanitaria por la que ha estado expulsando a indocumentados durante la pandemia.<\/p>\n<p>El Ejecutivo lanz\u00f3 esta iniciativa migratoria de seis puntos, pese a que el lunes un juez federal de Luisiana anunci\u00f3 que va a bloquear la decisi\u00f3n del gobierno de acabar el 23 de mayo con el T\u00edtulo 42.<\/p>\n<p>El T\u00edtulo 42 es una medida dispuesta en pandemia por los Centros para el Control y Prevenci\u00f3n de Enfermedades (CDC, en ingl\u00e9s), durante el mandato de Donald Trump, y que Biden ha seguido.<\/p>\n<p>Funcionarios de la Casa Blanca indicaron que, pese a que est\u00e1n en desacuerdo con la decisi\u00f3n del juez de Luisiana, el gobierno cumplir\u00e1 con la orden del magistrado cuando sea expedida.<\/p>\n<p>Aun as\u00ed explicaron que, una vez que el T\u00edtulo 42 sea levantado, el gobierno pretende &#8220;expandir de forma significativa&#8221; las expulsiones r\u00e1pidas en la frontera a trav\u00e9s del T\u00edtulo 8, que es la norma est\u00e1ndar por la que EE.UU. realiza las deportaciones.<\/p>\n<p>La expansi\u00f3n de esas expulsiones r\u00e1pidas de indocumentados es uno de los pilares del plan presentado este martes, que tambi\u00e9n contempla un refuerzo de los efectivos\u00a0 en la frontera, con la suma de 600 m\u00e1s para la Oficina de Aduanas y Protecci\u00f3n Fronteriza<\/p>\n<p>Otro de los puntos es reforzar el trabajo con las ONG que puedan acoger a los migrantes despu\u00e9s de que sus casos hayan sido tramitados por la CBP y est\u00e9n a la espera de saber si pueden quedarse en EEUU o ser\u00e1n expulsados.<\/p>\n<p>La administraci\u00f3n Biden agreg\u00f3 que este mes intensific\u00f3 sus esfuerzos contra el tr\u00e1fico de personas, que, seg\u00fan sus datos, han dejado m\u00e1s de 2.500 arrestos, investigaciones y en el desmantelamiento de su infraestructura.<\/p>\n<p>Asimismo, Washignton trabaja con sus aliados en la regi\u00f3n &#8220;para crear un enfoque m\u00e1s cohesionado y global&#8221; para manejar los flujos migratorios en el continente y record\u00f3 que en los \u00faltimos dos meses ha firmado acuerdos con Costa Rica y Panam\u00e1, y que coopera de cerca con M\u00e9xico.<\/p>\n","protected":false},"excerpt":{"rendered":"<p>El plan contempla &#8220;expulsiones r\u00e1pidas&#8221; de indocumentados y un refuerzo de los efectivos desplegados en la frontera, con la suma de 600 m\u00e1s para la Oficina de Aduanas y Protecci\u00f3n Fronteriza &nbsp; &nbsp; El presidente de Estados Unidos, Joe Biden, present\u00f3 este martes un plan migratorio para reforzar la frontera con M\u00e9xico, ante la posible rescisi\u00f3n en mayo de la norma sanitaria por la que ha estado expulsando a indocumentados durante la pandemia. El Ejecutivo lanz\u00f3 esta iniciativa migratoria de seis puntos, pese a que el lunes un juez federal&#8230;<\/p>\n","protected":false},"author":3,"featured_media":85501,"comment_status":"closed","ping_status":"closed","sticky":false,"template":"","format":"standard","meta":[],"categories":[4],"tags":[],"_links":{"self":[{"href":"https:\/\/www.actualidadadiario.com\/index.php\/wp-json\/wp\/v2\/posts\/85500"}],"collection":[{"href":"https:\/\/www.actualidadadiario.com\/index.php\/wp-json\/wp\/v2\/posts"}],"about":[{"href":"https:\/\/www.actualidadadiario.com\/index.php\/wp-json\/wp\/v2\/types\/post"}],"author":[{"embeddable":true,"href":"https:\/\/www.actualidadadiario.com\/index.php\/wp-json\/wp\/v2\/users\/3"}],"replies":[{"embeddable":true,"href":"https:\/\/www.actualidadadiario.com\/index.php\/wp-json\/wp\/v2\/comments?post=85500"}],"version-history":[{"count":1,"href":"https:\/\/www.actualidadadiario.com\/index.php\/wp-json\/wp\/v2\/posts\/85500\/revisions"}],"predecessor-version":[{"id":85502,"href":"https:\/\/www.actualidadadiario.com\/index.php\/wp-json\/wp\/v2\/posts\/85500\/revisions\/85502"}],"wp:featuredmedia":[{"embeddable":true,"href":"https:\/\/www.actualidadadiario.com\/index.php\/wp-json\/wp\/v2\/media\/85501"}],"wp:attachment":[{"href":"https:\/\/www.actualidadadiario.com\/index.php\/wp-json\/wp\/v2\/media?parent=85500"}],"wp:term":[{"taxonomy":"category","embeddable":true,"href":"https:\/\/www.actualidadadiario.com\/index.php\/wp-json\/wp\/v2\/categories?post=85500"},{"taxonomy":"post_tag","embeddable":true,"href":"https:\/\/www.actualidadadiario.com\/index.php\/wp-json\/wp\/v2\/tags?post=85500"}],"curies":[{"name":"wp","href":"https:\/\/api.w.org\/{rel}","templated":true}]}}