{"id":85497,"date":"2022-04-27T13:26:23","date_gmt":"2022-04-27T16:26:23","guid":{"rendered":"https:\/\/www.actualidadadiario.com\/?p=85497"},"modified":"2022-04-27T13:26:23","modified_gmt":"2022-04-27T16:26:23","slug":"el-fiscal-de-estado-fue-designado-vocal-en-el-ente-nacional-de-control-y-gestion-de-la-via-navegable","status":"publish","type":"post","link":"https:\/\/www.actualidadadiario.com\/index.php\/2022\/04\/27\/el-fiscal-de-estado-fue-designado-vocal-en-el-ente-nacional-de-control-y-gestion-de-la-via-navegable\/","title":{"rendered":"El fiscal de Estado fue designado vocal en el Ente Nacional de Control y Gesti\u00f3n de la V\u00eda Navegable"},"content":{"rendered":"<p style=\"text-align: center;\"><em><strong>El fiscal de Estado de Entre R\u00edos, Julio Rodr\u00edguez Signes, fue designado vocal del Consejo Directivo del Ente Nacional de Control y Gesti\u00f3n de la V\u00eda Navegable. Se trata de una designaci\u00f3n con car\u00e1cter ad honorem<\/strong><\/em><\/p>\n<p>&nbsp;<\/p>\n<p>&nbsp;<\/p>\n<p>La designaci\u00f3n de los integrantes del Consejo Directivo fue dispuesta mediante decreto 214 del Poder Ejecutivo Nacional, publicado este mi\u00e9rcoles en el Bolet\u00edn Oficial.<\/p>\n<p>La Hidrov\u00eda es el canal de navegaci\u00f3n compuesto por los r\u00edos Paran\u00e1, Paraguay y de la Plata, y es clave para el transporte fluvial de exportaciones e importaciones argentinas y de la regi\u00f3n (Paraguay, Bolivia, Sur de Brasil).<\/p>\n<p>En este contexto, Rodr\u00edguez Signes detall\u00f3 que \u201chasta ahora la Hidrov\u00eda hab\u00eda sido administrada s\u00f3lo por el gobierno nacional, mediante un contrato de concesi\u00f3n de obra p\u00fablica por peaje. El sistema ha beneficiado al polo portuario oleaginoso e industrial de Rosario. A partir de la creaci\u00f3n del Ente las provincias de Entre R\u00edos, Santa Fe, Buenos Aires, Chaco, Formosa, Corrientes y Misiones tendr\u00e1n participaci\u00f3n tanto en la elaboraci\u00f3n de los pliegos del nuevo contrato de concesi\u00f3n, como en su administraci\u00f3n y control\u201d.<\/p>\n<p>Para el fiscal de Estado, \u201ca partir del nuevo contrato de concesi\u00f3n, Entre R\u00edos est\u00e1 en condiciones de convertirse en una plataforma log\u00edstica para toda la regi\u00f3n\u201d.<\/p>\n<p>Seg\u00fan el funcionario, ese objetivo puede lograrse a partir de la conexi\u00f3n a la red troncal de navegaci\u00f3n de la Hidrov\u00eda, de los puertos p\u00fablicos provinciales, especialmente Diamante, Ibicuy y La Paz\u201d. Para lograr ese objetivo de conectividad, es fundamental participar de la elaboraci\u00f3n de los pliegos y la administraci\u00f3n del futuro contrato para federalizar la hidrov\u00eda y hacerla accesible a los puertos locales.<\/p>\n","protected":false},"excerpt":{"rendered":"<p>El fiscal de Estado de Entre R\u00edos, Julio Rodr\u00edguez Signes, fue designado vocal del Consejo Directivo del Ente Nacional de Control y Gesti\u00f3n de la V\u00eda Navegable. Se trata de una designaci\u00f3n con car\u00e1cter ad honorem &nbsp; &nbsp; La designaci\u00f3n de los integrantes del Consejo Directivo fue dispuesta mediante decreto 214 del Poder Ejecutivo Nacional, publicado este mi\u00e9rcoles en el Bolet\u00edn Oficial. La Hidrov\u00eda es el canal de navegaci\u00f3n compuesto por los r\u00edos Paran\u00e1, Paraguay y de la Plata, y es clave para el transporte fluvial de exportaciones e importaciones&#8230;<\/p>\n","protected":false},"author":3,"featured_media":85498,"comment_status":"closed","ping_status":"closed","sticky":false,"template":"","format":"standard","meta":[],"categories":[15],"tags":[],"_links":{"self":[{"href":"https:\/\/www.actualidadadiario.com\/index.php\/wp-json\/wp\/v2\/posts\/85497"}],"collection":[{"href":"https:\/\/www.actualidadadiario.com\/index.php\/wp-json\/wp\/v2\/posts"}],"about":[{"href":"https:\/\/www.actualidadadiario.com\/index.php\/wp-json\/wp\/v2\/types\/post"}],"author":[{"embeddable":true,"href":"https:\/\/www.actualidadadiario.com\/index.php\/wp-json\/wp\/v2\/users\/3"}],"replies":[{"embeddable":true,"href":"https:\/\/www.actualidadadiario.com\/index.php\/wp-json\/wp\/v2\/comments?post=85497"}],"version-history":[{"count":1,"href":"https:\/\/www.actualidadadiario.com\/index.php\/wp-json\/wp\/v2\/posts\/85497\/revisions"}],"predecessor-version":[{"id":85499,"href":"https:\/\/www.actualidadadiario.com\/index.php\/wp-json\/wp\/v2\/posts\/85497\/revisions\/85499"}],"wp:featuredmedia":[{"embeddable":true,"href":"https:\/\/www.actualidadadiario.com\/index.php\/wp-json\/wp\/v2\/media\/85498"}],"wp:attachment":[{"href":"https:\/\/www.actualidadadiario.com\/index.php\/wp-json\/wp\/v2\/media?parent=85497"}],"wp:term":[{"taxonomy":"category","embeddable":true,"href":"https:\/\/www.actualidadadiario.com\/index.php\/wp-json\/wp\/v2\/categories?post=85497"},{"taxonomy":"post_tag","embeddable":true,"href":"https:\/\/www.actualidadadiario.com\/index.php\/wp-json\/wp\/v2\/tags?post=85497"}],"curies":[{"name":"wp","href":"https:\/\/api.w.org\/{rel}","templated":true}]}}