{"id":85494,"date":"2022-04-27T13:24:01","date_gmt":"2022-04-27T16:24:01","guid":{"rendered":"https:\/\/www.actualidadadiario.com\/?p=85494"},"modified":"2022-04-27T13:24:01","modified_gmt":"2022-04-27T16:24:01","slug":"solanas-cuestiono-la-doble-vara-de-frigerio-tras-citacion-por-irregularidades","status":"publish","type":"post","link":"https:\/\/www.actualidadadiario.com\/index.php\/2022\/04\/27\/solanas-cuestiono-la-doble-vara-de-frigerio-tras-citacion-por-irregularidades\/","title":{"rendered":"Solanas cuestion\u00f3 \u201cla doble vara de Frigerio\u201d tras citaci\u00f3n por irregularidades"},"content":{"rendered":"<p style=\"text-align: center;\"><em><strong>Frigerio fue citado a declarar por el fiscal Marijuan, sospechado de irregularidades en operaciones inmobiliarias. \u201cCuando uno es funcionario debe estar dispuesto a compadecer si hay dudas de lo actuado\u201d, dijo Solanas<\/strong><\/em><\/p>\n<p>&nbsp;<\/p>\n<p>&nbsp;<\/p>\n<p>El diputado provincial Julio Solanas se refiri\u00f3 a la citaci\u00f3n a declaraci\u00f3n a indagatoria al ex ministro del Interior del gobierno de Mauricio Macri, Rogelio Frigerio, sospechado de irregularidades en operaciones inmobiliarias.<\/p>\n<p>El legislador justicialista cuestion\u00f3 \u201cla doble vara del ex ministro\u201d al considerarla de \u201crepudiable\u201d. \u201cHoy le toca defenderse y lo hace de la peor manera, acusando irresponsablemente a un espacio pol\u00edtico; pero no ha reparado en condenar como juez a ese mismo espacio siempre que tuvo oportunidad\u201d, afirm\u00f3 Solanas, al criticar a Frigerio por atribuir a \u201cuna operaci\u00f3n del kirchnerismo\u201d su pedido de indagatoria.<\/p>\n<p>\u201cEl ex ministro del Interior y ahora diputado nacional manifiesta que hay una persecuci\u00f3n del kirchnerismo en funci\u00f3n de esta actuaci\u00f3n judicial encabezada por el fiscal Marijuan, quien tom\u00f3 la decisi\u00f3n de ir con las topadoras al sur argentino, con lo cual, no se puede decir que es adicto al kirchnerismo; lo que hace Marijuan es obrar en consecuencia tratando de esclarecer la actuaci\u00f3n de Frigerio cuando fue ministro\u201d, apunt\u00f3 Solanas.<\/p>\n<p>La denuncia contra Frigerio hab\u00eda sido presentada a fin del a\u00f1o pasado por la Oficina Anticorrupci\u00f3n por los delitos de \u201cnegociaciones incompatibles con el ejercicio de la funci\u00f3n p\u00fablica\u201d, admisi\u00f3n de d\u00e1divas o cohecho. Para Solanas, \u201chay abuso autoridad y cuestiones incompatibles con la funci\u00f3n porque hay un terreno que era del Estado y que lo ocup\u00f3 una empresa\u201d.<\/p>\n<p>\u201c\u00c9l no puede manifestar livianamente esta doble vara que cuando Marijuan actuaba en el sur como topo manifestando que ah\u00ed estaba el dinero mal habido estaba bien, y ahora que lo llama a indagatoria, est\u00e1 mal\u201d, cuestion\u00f3 el diputado por el Frente Creer Entre R\u00edos.<\/p>\n<p>Y fundament\u00f3: \u201cCuando uno es funcionario debe estar dispuesto permanentemente a compadecer si hay algunas dudas de lo actuado, pero evidentemente este se\u00f1or tiene doble vara y manifest\u00f3, err\u00f3neamente, que es una persecuci\u00f3n de Marijuan, cuando todos saben que el fiscal actu\u00f3 de la misma manera con nuestro espacio pol\u00edtico\u201d.<\/p>\n<p>\u201c\u00c9l desliga responsabilidades como ha hecho en el gobierno del feudal de Macri, en los cuatro a\u00f1os; nadie manifiesta claramente qu\u00e9 pas\u00f3 con los 45 mil millones de d\u00f3lares que no pasaron por el Congreso y es una deuda monstruosa que hoy nos lleva al problema que tenemos\u201d, repas\u00f3 Solanas al cuestionar: \u201cEse \u00e1mbito pol\u00edtico, permanentemente, tir\u00f3 la pelota fuera y no se hace cargo\u201d.<\/p>\n<p>Para cerrar, el legislador oficialista recomend\u00f3: \u201cCreo que el ex ministro de Macri debe hacerse cargo, comparecer ante la Justicia, no echar culpas y, fundamentalmente, creer que ese el camino cuando un fiscal de la Naci\u00f3n orienta para que se esclarezca algo que lo inculpa, lo cual es un tema absolutamente grave\u201d.<\/p>\n","protected":false},"excerpt":{"rendered":"<p>Frigerio fue citado a declarar por el fiscal Marijuan, sospechado de irregularidades en operaciones inmobiliarias. \u201cCuando uno es funcionario debe estar dispuesto a compadecer si hay dudas de lo actuado\u201d, dijo Solanas &nbsp; &nbsp; El diputado provincial Julio Solanas se refiri\u00f3 a la citaci\u00f3n a declaraci\u00f3n a indagatoria al ex ministro del Interior del gobierno de Mauricio Macri, Rogelio Frigerio, sospechado de irregularidades en operaciones inmobiliarias. El legislador justicialista cuestion\u00f3 \u201cla doble vara del ex ministro\u201d al considerarla de \u201crepudiable\u201d. \u201cHoy le toca defenderse y lo hace de la peor&#8230;<\/p>\n","protected":false},"author":3,"featured_media":85495,"comment_status":"closed","ping_status":"closed","sticky":false,"template":"","format":"standard","meta":[],"categories":[9,15],"tags":[],"_links":{"self":[{"href":"https:\/\/www.actualidadadiario.com\/index.php\/wp-json\/wp\/v2\/posts\/85494"}],"collection":[{"href":"https:\/\/www.actualidadadiario.com\/index.php\/wp-json\/wp\/v2\/posts"}],"about":[{"href":"https:\/\/www.actualidadadiario.com\/index.php\/wp-json\/wp\/v2\/types\/post"}],"author":[{"embeddable":true,"href":"https:\/\/www.actualidadadiario.com\/index.php\/wp-json\/wp\/v2\/users\/3"}],"replies":[{"embeddable":true,"href":"https:\/\/www.actualidadadiario.com\/index.php\/wp-json\/wp\/v2\/comments?post=85494"}],"version-history":[{"count":1,"href":"https:\/\/www.actualidadadiario.com\/index.php\/wp-json\/wp\/v2\/posts\/85494\/revisions"}],"predecessor-version":[{"id":85496,"href":"https:\/\/www.actualidadadiario.com\/index.php\/wp-json\/wp\/v2\/posts\/85494\/revisions\/85496"}],"wp:featuredmedia":[{"embeddable":true,"href":"https:\/\/www.actualidadadiario.com\/index.php\/wp-json\/wp\/v2\/media\/85495"}],"wp:attachment":[{"href":"https:\/\/www.actualidadadiario.com\/index.php\/wp-json\/wp\/v2\/media?parent=85494"}],"wp:term":[{"taxonomy":"category","embeddable":true,"href":"https:\/\/www.actualidadadiario.com\/index.php\/wp-json\/wp\/v2\/categories?post=85494"},{"taxonomy":"post_tag","embeddable":true,"href":"https:\/\/www.actualidadadiario.com\/index.php\/wp-json\/wp\/v2\/tags?post=85494"}],"curies":[{"name":"wp","href":"https:\/\/api.w.org\/{rel}","templated":true}]}}