{"id":85487,"date":"2022-04-27T13:21:05","date_gmt":"2022-04-27T16:21:05","guid":{"rendered":"https:\/\/www.actualidadadiario.com\/?p=85487"},"modified":"2022-04-27T13:21:05","modified_gmt":"2022-04-27T16:21:05","slug":"la-secretaria-de-ambiente-pidio-el-cese-de-extraccion-para-areneras-que-operan-en-el-yuqueri-grande","status":"publish","type":"post","link":"https:\/\/www.actualidadadiario.com\/index.php\/2022\/04\/27\/la-secretaria-de-ambiente-pidio-el-cese-de-extraccion-para-areneras-que-operan-en-el-yuqueri-grande\/","title":{"rendered":"La Secretar\u00eda de Ambiente pidi\u00f3 el cese de extracci\u00f3n para areneras que operan en el Yuquer\u00ed Grande"},"content":{"rendered":"<p style=\"text-align: center;\"><em><strong>Tras las denuncias de los vecinos, Mar\u00eda Daniela Garc\u00eda, titular de la Secretar\u00eda de Ambiente de Entre R\u00edos, explic\u00f3 qu\u00e9 acciones se tomaron en torno a &#8220;dos areneras&#8221; detectadas en las m\u00e1rgenes del arroyo Yuquer\u00ed Grande<\/strong><\/em><\/p>\n<p>&nbsp;<\/p>\n<p>&nbsp;<\/p>\n<p>La funcionaria explic\u00f3 que tras las denuncias de los vecinos &#8220;abrimos un expediente, se tom\u00f3 intervenci\u00f3n y se hizo una inspecci\u00f3n en el lugar, donde se pudo constatar lo que el dron y las fotos hab\u00edan retratado&#8221;.<\/p>\n<p>Garc\u00eda reconoci\u00f3 que, &#8220;lo que no se pudo constatar -en ese momento de la inspecci\u00f3n- fue qui\u00e9nes estaban trabajando, porque no se vio a nadie, ni tampoco las m\u00e1quinas. Los mismos vecinos ya nos hab\u00edan advertido que eso depend\u00eda de la hora del d\u00eda en que uno vaya&#8221;.<\/p>\n<p>&nbsp;<\/p>\n<p><strong>Cese preventivo<\/strong><\/p>\n<p>Pese a no haber encontrado a los infractores en plena tarea, con los datos recabados, &#8220;se pudo comprobar que hay dos o tres areneras que est\u00e1n trabajando en esa zona de Concordia. Esas firmas no estar\u00edan habilitadas para esa tarea, seg\u00fan los registros que tenemos&#8221;, acot\u00f3.<\/p>\n<p>Ante tal irregularidad, la funcionaria confirm\u00f3 que la Secretar\u00eda a su cargo &#8220;pidi\u00f3 el cese preventivo de las tareas que llevan adelante las empresas que est\u00e1n operando en el arroyo Yuquer\u00ed\u201d.<\/p>\n<p>La medida &#8220;regir\u00e1 hasta tanto se presenten en la secretar\u00eda y regularicen su situaci\u00f3n, ya que no es nuestro fin el frenar una actividad productiva tan necesaria; sino ordenarla y que las extracciones sean con una adecuada gesti\u00f3n ambiental, protegiendo los ecosistemas&#8221;.<\/p>\n<p>&nbsp;<\/p>\n<p><strong>Plazos y sanciones<\/strong><\/p>\n<p>Por \u00faltimo, Garc\u00eda inform\u00f3 que &#8220;no hay un plazo para comparecer ante la repartici\u00f3n, pero si las areneras hicieran caso omiso de la medida, nosotros tenemos la potestad de hacerla cumplir con una sanci\u00f3n, pero a trav\u00e9s de la Fiscal\u00eda de Estado&#8221;.<\/p>\n<p>Por \u00faltimo, advirti\u00f3 que &#8220;si quieren volver a las actividades, deben presentarse en la Secretar\u00eda de Ambiente&#8221;.<\/p>\n","protected":false},"excerpt":{"rendered":"<p>Tras las denuncias de los vecinos, Mar\u00eda Daniela Garc\u00eda, titular de la Secretar\u00eda de Ambiente de Entre R\u00edos, explic\u00f3 qu\u00e9 acciones se tomaron en torno a &#8220;dos areneras&#8221; detectadas en las m\u00e1rgenes del arroyo Yuquer\u00ed Grande &nbsp; &nbsp; La funcionaria explic\u00f3 que tras las denuncias de los vecinos &#8220;abrimos un expediente, se tom\u00f3 intervenci\u00f3n y se hizo una inspecci\u00f3n en el lugar, donde se pudo constatar lo que el dron y las fotos hab\u00edan retratado&#8221;. Garc\u00eda reconoci\u00f3 que, &#8220;lo que no se pudo constatar -en ese momento de la inspecci\u00f3n-&#8230;<\/p>\n","protected":false},"author":3,"featured_media":85488,"comment_status":"closed","ping_status":"closed","sticky":false,"template":"","format":"standard","meta":[],"categories":[9,15],"tags":[],"_links":{"self":[{"href":"https:\/\/www.actualidadadiario.com\/index.php\/wp-json\/wp\/v2\/posts\/85487"}],"collection":[{"href":"https:\/\/www.actualidadadiario.com\/index.php\/wp-json\/wp\/v2\/posts"}],"about":[{"href":"https:\/\/www.actualidadadiario.com\/index.php\/wp-json\/wp\/v2\/types\/post"}],"author":[{"embeddable":true,"href":"https:\/\/www.actualidadadiario.com\/index.php\/wp-json\/wp\/v2\/users\/3"}],"replies":[{"embeddable":true,"href":"https:\/\/www.actualidadadiario.com\/index.php\/wp-json\/wp\/v2\/comments?post=85487"}],"version-history":[{"count":1,"href":"https:\/\/www.actualidadadiario.com\/index.php\/wp-json\/wp\/v2\/posts\/85487\/revisions"}],"predecessor-version":[{"id":85489,"href":"https:\/\/www.actualidadadiario.com\/index.php\/wp-json\/wp\/v2\/posts\/85487\/revisions\/85489"}],"wp:featuredmedia":[{"embeddable":true,"href":"https:\/\/www.actualidadadiario.com\/index.php\/wp-json\/wp\/v2\/media\/85488"}],"wp:attachment":[{"href":"https:\/\/www.actualidadadiario.com\/index.php\/wp-json\/wp\/v2\/media?parent=85487"}],"wp:term":[{"taxonomy":"category","embeddable":true,"href":"https:\/\/www.actualidadadiario.com\/index.php\/wp-json\/wp\/v2\/categories?post=85487"},{"taxonomy":"post_tag","embeddable":true,"href":"https:\/\/www.actualidadadiario.com\/index.php\/wp-json\/wp\/v2\/tags?post=85487"}],"curies":[{"name":"wp","href":"https:\/\/api.w.org\/{rel}","templated":true}]}}