{"id":85478,"date":"2022-04-27T13:18:48","date_gmt":"2022-04-27T16:18:48","guid":{"rendered":"https:\/\/www.actualidadadiario.com\/?p=85478"},"modified":"2022-04-27T13:18:48","modified_gmt":"2022-04-27T16:18:48","slug":"en-medio-de-las-tensiones-la-mesa-nacional-de-jxc-se-reune-para-acercar-posiciones","status":"publish","type":"post","link":"https:\/\/www.actualidadadiario.com\/index.php\/2022\/04\/27\/en-medio-de-las-tensiones-la-mesa-nacional-de-jxc-se-reune-para-acercar-posiciones\/","title":{"rendered":"En medio de las tensiones, la mesa nacional de JxC se re\u00fane para acercar posiciones"},"content":{"rendered":"<p style=\"text-align: center;\"><em><strong>La incorporaci\u00f3n del liberal Javier Milei a la coalici\u00f3n opositora genera presi\u00f3n entre las fuerzas que la componen<\/strong><\/em><\/p>\n<p>&nbsp;<\/p>\n<p>&nbsp;<\/p>\n<p>La Mesa Nacional de Juntos por el Cambio buscar\u00e1 cerrar la tensi\u00f3n interna y mostrar se\u00f1ales de unidad ante la crisis del oficialismo A pesar de las intenciones de las partes, las diferencias afloran en varios frentes de debate.<\/p>\n<p>El encuentro se llevar\u00e1 a cabo en el Instituto Hannah Arendt de la Coalici\u00f3n C\u00edvica, en Vicente L\u00f3pez al 1600 a las 13 y tratar\u00e1 algunas normas de coexistencia para evitar las confrontaciones internas, se debatir\u00e1 sobre temas de agenda pol\u00edtica como planes sociales, empleabilidad, educaci\u00f3n, la inserci\u00f3n argentina en el mundo y geopol\u00edtica, y se delimitar\u00e1 la realizaci\u00f3n de reuniones sectoriales de la coalici\u00f3n en todo el pa\u00eds.<\/p>\n<p>Por fuera, hay temas que tensan la coexistencia de las fuerzas de Juntos por el Cambio como el rol de Gerardo Morales en la designaci\u00f3n de la diputada Roxana Reyes en el Consejo de la Magistratura y el debate en torno a Milei.<\/p>\n<p>El ingreso del liberal Javier Milei a Juntos por el Cambio opera de parte aguas entre las principales fuerzas que componen la coalici\u00f3n. El sector m\u00e1s duro de Juntos por el Cambio, alineado al exmandatario Mauricio Macri se muestra en favor de sumar al economista, mientras que los funcionarios radicales y de la coalici\u00f3n c\u00edvica se oponen. El ala del PRO m\u00e1s moderada, evita hablar del tema.<\/p>\n<p>El rol del titular de la UCR, Gerardo Morales, en perspectiva de incorporar a la diputada radical, Roxana Reyes, nueva integrante al Consejo de la Magistratura tambi\u00e9n supone indignaci\u00f3n interna dado que trascienden rumores de posibles acuerdos entre el dirigente con el Presidente de la C\u00e1mara de Diputados, Sergio Massa.<\/p>\n<p>Ante las acusaciones, el referente radical neg\u00f3 cualquier tipo negociaci\u00f3n con el oficialismo y aclar\u00f3: \u201cLa representaci\u00f3n de Roxana Reyes en el Consejo de la Magistratura, en representaci\u00f3n del radicalismo, es de acuerdo con el fallo de la Corte y es innegociable, nosotros no negociamos con nadie\u201d.<\/p>\n<p>Las sospechas internas persisten, y en ese sentido se manifest\u00f3 el diputado Waldo Wolff tras insistir en la incorporaci\u00f3n de Milei a Juntos por el Cambio, y declarar que existe peligrosidad est\u00e1 en quienes &#8220;quieren arreglar&#8221; con el oficialismo que &#8220;pactaron con la impunidad como Sergio Massa&#8221;.<\/p>\n<p>\u201cHabl\u00e9 con Gerardo Morales y le creo a \u00e9l. Massa le dijo de ver el Consejo de la Magistratura, pero Gerardo le avis\u00f3 que ellos tienen su propio proyecto\u201d, intervino Lilita Carri\u00f3 en defensa de Morales para Radio Rivadavia, y continu\u00f3: &#8220;Le pregunt\u00e9 exactamente en mi casa si \u00e9l preve\u00eda que Massa estuviera en Juntos por el Cambio porque era un l\u00edmite infranqueable y \u00e9l me dijo que no\u201d.<\/p>\n<p>A su parte, el exmandatario Mauricio Macri estar\u00e1 presente en el encuentro junto a los principales referentes de las fuerzas pol\u00edticas que forman parte de la coalici\u00f3n. Por la ma\u00f1ana, particip\u00f3 de la reuni\u00f3n del gabinete de la ciudad junto a Horacio Rodr\u00edguez Larreta, con quien busca aminorar las diferencias y mostrar unidad, y se prev\u00e9 que a posterior de la reuni\u00f3n, parta a Bariloche a formar parte del Foro Llao Llao, que re\u00fane a los empresarios m\u00e1s importantes del pa\u00eds.<\/p>\n","protected":false},"excerpt":{"rendered":"<p>La incorporaci\u00f3n del liberal Javier Milei a la coalici\u00f3n opositora genera presi\u00f3n entre las fuerzas que la componen &nbsp; &nbsp; La Mesa Nacional de Juntos por el Cambio buscar\u00e1 cerrar la tensi\u00f3n interna y mostrar se\u00f1ales de unidad ante la crisis del oficialismo A pesar de las intenciones de las partes, las diferencias afloran en varios frentes de debate. El encuentro se llevar\u00e1 a cabo en el Instituto Hannah Arendt de la Coalici\u00f3n C\u00edvica, en Vicente L\u00f3pez al 1600 a las 13 y tratar\u00e1 algunas normas de coexistencia para evitar&#8230;<\/p>\n","protected":false},"author":3,"featured_media":84944,"comment_status":"closed","ping_status":"closed","sticky":false,"template":"","format":"standard","meta":[],"categories":[18],"tags":[],"_links":{"self":[{"href":"https:\/\/www.actualidadadiario.com\/index.php\/wp-json\/wp\/v2\/posts\/85478"}],"collection":[{"href":"https:\/\/www.actualidadadiario.com\/index.php\/wp-json\/wp\/v2\/posts"}],"about":[{"href":"https:\/\/www.actualidadadiario.com\/index.php\/wp-json\/wp\/v2\/types\/post"}],"author":[{"embeddable":true,"href":"https:\/\/www.actualidadadiario.com\/index.php\/wp-json\/wp\/v2\/users\/3"}],"replies":[{"embeddable":true,"href":"https:\/\/www.actualidadadiario.com\/index.php\/wp-json\/wp\/v2\/comments?post=85478"}],"version-history":[{"count":2,"href":"https:\/\/www.actualidadadiario.com\/index.php\/wp-json\/wp\/v2\/posts\/85478\/revisions"}],"predecessor-version":[{"id":85480,"href":"https:\/\/www.actualidadadiario.com\/index.php\/wp-json\/wp\/v2\/posts\/85478\/revisions\/85480"}],"wp:featuredmedia":[{"embeddable":true,"href":"https:\/\/www.actualidadadiario.com\/index.php\/wp-json\/wp\/v2\/media\/84944"}],"wp:attachment":[{"href":"https:\/\/www.actualidadadiario.com\/index.php\/wp-json\/wp\/v2\/media?parent=85478"}],"wp:term":[{"taxonomy":"category","embeddable":true,"href":"https:\/\/www.actualidadadiario.com\/index.php\/wp-json\/wp\/v2\/categories?post=85478"},{"taxonomy":"post_tag","embeddable":true,"href":"https:\/\/www.actualidadadiario.com\/index.php\/wp-json\/wp\/v2\/tags?post=85478"}],"curies":[{"name":"wp","href":"https:\/\/api.w.org\/{rel}","templated":true}]}}