{"id":85475,"date":"2022-04-27T13:18:02","date_gmt":"2022-04-27T16:18:02","guid":{"rendered":"https:\/\/www.actualidadadiario.com\/?p=85475"},"modified":"2022-04-27T13:18:02","modified_gmt":"2022-04-27T16:18:02","slug":"wado-de-pedro-se-reune-con-el-presidente-de-israel","status":"publish","type":"post","link":"https:\/\/www.actualidadadiario.com\/index.php\/2022\/04\/27\/wado-de-pedro-se-reune-con-el-presidente-de-israel\/","title":{"rendered":"Wado de Pedro se re\u00fane con el presidente de Israel"},"content":{"rendered":"<p style=\"text-align: center;\"><em><strong>Wado de Pedro tendr\u00e1 un encuentro bilateral con el mandatario Isaac Herzog en el marco de su misi\u00f3n por Israel por el manejo del agua<\/strong><\/em><\/p>\n<p>&nbsp;<\/p>\n<p>&nbsp;<\/p>\n<p>El ministro del Interior, Wado de Pedro, se reunir\u00e1 a las 13 (hora argentina) con el presidente de Israel, Isaac Herzog, en la ciudad de Jerusal\u00e9n, como parte de la quinta jornada de la misi\u00f3n al pa\u00eds de Medio Oriente de la que participa junto a gobernadores y otros ministros nacionales.<\/p>\n<p>Este encuentro, que tendr\u00e1 lugar en la residencia presidencial Beit HaNassi ubicada en Jerusal\u00e9n, se suma a la serie de reuniones que mantuvo Wado de Pedro con el ministro de Relaciones Exteriores, Yair Lapid, el titular de Justicia, Gideon Sa&#8217;ar y su par de Interior, Ayelet Shaked.<\/p>\n<p>El titular de Interior se encuentra desde el domingo en Israel acompa\u00f1ado por gobernadoras, gobernadores y representantes de 10 provincias de distintas regiones del pa\u00eds, adem\u00e1s de los ministros de Agricultura, Ganader\u00eda y Pesca, Juli\u00e1n Dom\u00ednguez, y de Ciencias, Tecnolog\u00eda e Innovaci\u00f3n, Daniel Filmus.<\/p>\n<p>Previamente, junto con Filmus, de Pedro visit\u00f3 esta ma\u00f1ana el Instituto Weizmann de Ciencias, un organismo multidisciplinario de investigaci\u00f3n que alberga a unos 2.500 cient\u00edficas y cient\u00edficos, t\u00e9cnicos y t\u00e9cnicos de laboratorio y estudiantes.<\/p>\n<p>&nbsp;<\/p>\n<p><strong>Misi\u00f3n oficial a Israel<\/strong><\/p>\n<p>De Pedro y la comitiva de gobernadores y ministros se encuentran en Israel desde el viernes pasado en una misi\u00f3n de cooperaci\u00f3n cient\u00edfico-tecnol\u00f3gica sobre manejo del agua.<\/p>\n<p>El Ministerio del Interior buscar\u00e1 apoyo pol\u00edtico para materializar una mesa nacional de gesti\u00f3n de los recursos h\u00eddricos, una iniciativa que a\u00fan no tiene consenso por parte de los gobernadores y cuyo principal escollo es el conflicto entre La Pampa y Mendoza.<\/p>\n<p>La novedad la dio el ministro de Pedro este lunes, durante un encuentro en la planta central de filtrado Eshkol de la empresa p\u00fablica Mekorot, al norte de Tel Aviv, una instalaci\u00f3n \u00fanica de su tipo en Israel y la cuarta m\u00e1s grande del mundo. La planta filtra agua desde el lago Kineret, en el Mar de Galilea.<\/p>\n<p>&#8220;La idea es generar una mesa de gobernadores y consensuar las soluciones&#8221;, dijo De Pedro en declaraciones a Grupo Cr\u00f3nica, que se encuentra cubriendo el viaje oficial con un enviado especial.<\/p>\n<p>Ministros y gobernadores arribaron a Israel en busca de un modelo de administraci\u00f3n de agua en tierras con estr\u00e9s h\u00eddrico, pero encontraron mucho m\u00e1s que eso. Sobre la base de la cultura de gestionar la escasez, este peque\u00f1o pa\u00eds ha logrado convertir tierras des\u00e9rticas en un vergel de producci\u00f3n intensiva.<\/p>\n","protected":false},"excerpt":{"rendered":"<p>Wado de Pedro tendr\u00e1 un encuentro bilateral con el mandatario Isaac Herzog en el marco de su misi\u00f3n por Israel por el manejo del agua &nbsp; &nbsp; El ministro del Interior, Wado de Pedro, se reunir\u00e1 a las 13 (hora argentina) con el presidente de Israel, Isaac Herzog, en la ciudad de Jerusal\u00e9n, como parte de la quinta jornada de la misi\u00f3n al pa\u00eds de Medio Oriente de la que participa junto a gobernadores y otros ministros nacionales. Este encuentro, que tendr\u00e1 lugar en la residencia presidencial Beit HaNassi ubicada&#8230;<\/p>\n","protected":false},"author":3,"featured_media":85476,"comment_status":"closed","ping_status":"closed","sticky":false,"template":"","format":"standard","meta":[],"categories":[18],"tags":[],"_links":{"self":[{"href":"https:\/\/www.actualidadadiario.com\/index.php\/wp-json\/wp\/v2\/posts\/85475"}],"collection":[{"href":"https:\/\/www.actualidadadiario.com\/index.php\/wp-json\/wp\/v2\/posts"}],"about":[{"href":"https:\/\/www.actualidadadiario.com\/index.php\/wp-json\/wp\/v2\/types\/post"}],"author":[{"embeddable":true,"href":"https:\/\/www.actualidadadiario.com\/index.php\/wp-json\/wp\/v2\/users\/3"}],"replies":[{"embeddable":true,"href":"https:\/\/www.actualidadadiario.com\/index.php\/wp-json\/wp\/v2\/comments?post=85475"}],"version-history":[{"count":1,"href":"https:\/\/www.actualidadadiario.com\/index.php\/wp-json\/wp\/v2\/posts\/85475\/revisions"}],"predecessor-version":[{"id":85477,"href":"https:\/\/www.actualidadadiario.com\/index.php\/wp-json\/wp\/v2\/posts\/85475\/revisions\/85477"}],"wp:featuredmedia":[{"embeddable":true,"href":"https:\/\/www.actualidadadiario.com\/index.php\/wp-json\/wp\/v2\/media\/85476"}],"wp:attachment":[{"href":"https:\/\/www.actualidadadiario.com\/index.php\/wp-json\/wp\/v2\/media?parent=85475"}],"wp:term":[{"taxonomy":"category","embeddable":true,"href":"https:\/\/www.actualidadadiario.com\/index.php\/wp-json\/wp\/v2\/categories?post=85475"},{"taxonomy":"post_tag","embeddable":true,"href":"https:\/\/www.actualidadadiario.com\/index.php\/wp-json\/wp\/v2\/tags?post=85475"}],"curies":[{"name":"wp","href":"https:\/\/api.w.org\/{rel}","templated":true}]}}