{"id":85472,"date":"2022-04-27T13:17:23","date_gmt":"2022-04-27T16:17:23","guid":{"rendered":"https:\/\/www.actualidadadiario.com\/?p=85472"},"modified":"2022-04-27T13:17:23","modified_gmt":"2022-04-27T16:17:23","slug":"una-decena-de-comisiones-empieza-a-trabajar-hoy-en-la-camara-de-diputados","status":"publish","type":"post","link":"https:\/\/www.actualidadadiario.com\/index.php\/2022\/04\/27\/una-decena-de-comisiones-empieza-a-trabajar-hoy-en-la-camara-de-diputados\/","title":{"rendered":"Una decena de comisiones empieza a trabajar hoy en la C\u00e1mara de Diputados"},"content":{"rendered":"<p style=\"text-align: center;\"><em><strong>De las 46 comisiones, 23 ser\u00e1n presididas por el FdT -como primera minor\u00eda- y 22 por JxC, en tanto que la restante quedar\u00e1 para el Interbloque Federal (8 diputados) que preside Alejandro &#8216;Topo&#8217; Rodr\u00edguez e integran lavagnistas, cordobeses y socialistas<\/strong><\/em><\/p>\n<p>&nbsp;<\/p>\n<p>&nbsp;<\/p>\n<p>Una decena de comisiones comenzar\u00e1n a trabajar este mi\u00e9rcoles en la C\u00e1mara de Diputados luego que sus conformaciones quedaran formalizadas con los acuerdos pol\u00edticos que alcanzaron la mayor\u00eda de las fuerzas pol\u00edticas que componen el cuerpo.<\/p>\n<p>Si bien desde la apertura de sesiones parlamentarias del 1 de marzo los jefes de los principales bloques comenzaron a trabajar en acuerdos para conformar las 46 comisiones que integran el cuerpo, la fragmentaci\u00f3n de la oposici\u00f3n de Juntos por el Cambio (JxC) y su divisi\u00f3n en 10 bloques, como diferencias internas en el oficialismo, dilataron esa definici\u00f3n.<\/p>\n<p>El escenario de paridad entre los bloques mayoritarios (118 diputados del FdT y 116 JxC) tambi\u00e9n dificult\u00f3 las negociaciones.<\/p>\n<p>De las 46 comisiones, 23 ser\u00e1n presididas por el Frente de Todos (FdT) -como primera minor\u00eda- y 22 por Juntos por el Cambio, en tanto que la restante quedar\u00e1 para el Interbloque Federal (8 diputados) que preside Alejandro &#8216;Topo&#8217; Rodr\u00edguez e integran lavagnistas, cordobeses y socialistas.<\/p>\n<p>Hasta el momento, s\u00f3lo estaban conformadas las comisiones de Presupuesto, a cargo de Carlos Heller (Frente de Todos), y la de Finanzas, presidida por Alicia Aparicio (FdT), por donde pas\u00f3 el debate del acuerdo con el FMI.<\/p>\n<p>Tambi\u00e9n, en las \u00faltimas semanas se conform\u00f3 la Comisi\u00f3n de Legislaci\u00f3n General, que sigue a cargo de Cecilia Moreau (FdT), para avanzar en el debate de la reforma de la ley de alquileres, que la semana pr\u00f3xima podr\u00eda lograr dictamen para llegar al recinto en mayo.<\/p>\n<p>&nbsp;<\/p>\n<p><strong>La agenda<\/strong><\/p>\n<p>Hoy, a las 11, en la Comisi\u00f3n de Educaci\u00f3n, el oficialismo propondr\u00e1 que contin\u00fae al frente la diputada Blanca Osuna, en una instancia que adem\u00e1s integrar\u00e1n Alejandro Finochiaro, Rogelio Frigerio y Victoria Morales Gorleri, por JxC, y Hugo Yasky, Daniel Arroyo y Mara Brawer, por el FdT, entre otros.<\/p>\n<p>A las 12, en Comunicaciones e Inform\u00e1tica, el oficialismo postular\u00e1 tambi\u00e9n la continuidad del dirigente de la CTA Pablo Carro.<\/p>\n<p>Este cuerpo asesor est\u00e1 compuesto tambi\u00e9n por Waldo Wolff, Pablo Torello y Emiliano Yacobitti, por JxC; y Marisa Uceda, M\u00f3nica Litza y Silvana Ginocchio, por el FdT, entre otros.<\/p>\n<p>Ciencia, Tecnolog\u00eda e Innovaci\u00f3n se reunir\u00e1 a las 15, y la UCR impulsar\u00e1 al neurocient\u00edfico Facundo Manes para presidir esa comisi\u00f3n.<\/p>\n<p>Tambi\u00e9n la componen Miguel Bazze, Rub\u00e9n Manzi e Ingrid Jetter, por JxC; y Julio Pereyra, Roberto MIrabella y Camila Crescimbeni, por el FdT, entre otros.<\/p>\n<p>A las 16, en Industria, el FdT propondr\u00e1 al oficialista entrerriano Marcelo Casaretto, y formar\u00e1n parte de la comisi\u00f3n Claudio Poggi, H\u00e9ctor Stefani y Mario Negri, por JxC; y Leandro Santoro, Eduardo Fern\u00e1ndez y Eduardo Toniolli, por el oficialismo, entre otros.<\/p>\n<p>A las 17, en Deportes, la oposici\u00f3n propondr\u00e1 que contin\u00fae en la presidencia del ex\u00e1rbitro H\u00e9ctor Baldassi (PRO), y la integrar\u00e1n, adem\u00e1s, Fernando Iglesias, Gerardo MiIman y Gabriela Lena, de JxC; y Mario Leito, Rosana Bertone y Federico Fagioli, por el FdT, entre otros.<\/p>\n<p>El jueves ser\u00e1 el turno de Agricultura y Ganader\u00eda, a las 11; Poblaci\u00f3n y Desarrollo Humano, a las 12; (JxC): Recursos Naturales, a las 13; Acci\u00f3n Social y Salud P\u00fablica, a las 14, y Obras P\u00fablicas, a las 15.<\/p>\n","protected":false},"excerpt":{"rendered":"<p>De las 46 comisiones, 23 ser\u00e1n presididas por el FdT -como primera minor\u00eda- y 22 por JxC, en tanto que la restante quedar\u00e1 para el Interbloque Federal (8 diputados) que preside Alejandro &#8216;Topo&#8217; Rodr\u00edguez e integran lavagnistas, cordobeses y socialistas &nbsp; &nbsp; Una decena de comisiones comenzar\u00e1n a trabajar este mi\u00e9rcoles en la C\u00e1mara de Diputados luego que sus conformaciones quedaran formalizadas con los acuerdos pol\u00edticos que alcanzaron la mayor\u00eda de las fuerzas pol\u00edticas que componen el cuerpo. Si bien desde la apertura de sesiones parlamentarias del 1 de marzo&#8230;<\/p>\n","protected":false},"author":3,"featured_media":85473,"comment_status":"closed","ping_status":"closed","sticky":false,"template":"","format":"standard","meta":[],"categories":[18],"tags":[],"_links":{"self":[{"href":"https:\/\/www.actualidadadiario.com\/index.php\/wp-json\/wp\/v2\/posts\/85472"}],"collection":[{"href":"https:\/\/www.actualidadadiario.com\/index.php\/wp-json\/wp\/v2\/posts"}],"about":[{"href":"https:\/\/www.actualidadadiario.com\/index.php\/wp-json\/wp\/v2\/types\/post"}],"author":[{"embeddable":true,"href":"https:\/\/www.actualidadadiario.com\/index.php\/wp-json\/wp\/v2\/users\/3"}],"replies":[{"embeddable":true,"href":"https:\/\/www.actualidadadiario.com\/index.php\/wp-json\/wp\/v2\/comments?post=85472"}],"version-history":[{"count":1,"href":"https:\/\/www.actualidadadiario.com\/index.php\/wp-json\/wp\/v2\/posts\/85472\/revisions"}],"predecessor-version":[{"id":85474,"href":"https:\/\/www.actualidadadiario.com\/index.php\/wp-json\/wp\/v2\/posts\/85472\/revisions\/85474"}],"wp:featuredmedia":[{"embeddable":true,"href":"https:\/\/www.actualidadadiario.com\/index.php\/wp-json\/wp\/v2\/media\/85473"}],"wp:attachment":[{"href":"https:\/\/www.actualidadadiario.com\/index.php\/wp-json\/wp\/v2\/media?parent=85472"}],"wp:term":[{"taxonomy":"category","embeddable":true,"href":"https:\/\/www.actualidadadiario.com\/index.php\/wp-json\/wp\/v2\/categories?post=85472"},{"taxonomy":"post_tag","embeddable":true,"href":"https:\/\/www.actualidadadiario.com\/index.php\/wp-json\/wp\/v2\/tags?post=85472"}],"curies":[{"name":"wp","href":"https:\/\/api.w.org\/{rel}","templated":true}]}}