{"id":85460,"date":"2022-04-27T13:14:02","date_gmt":"2022-04-27T16:14:02","guid":{"rendered":"https:\/\/www.actualidadadiario.com\/?p=85460"},"modified":"2022-04-27T13:14:02","modified_gmt":"2022-04-27T16:14:02","slug":"una-por-una-las-iniciativas-que-debate-el-senado-para-la-ampliacion-de-la-corte","status":"publish","type":"post","link":"https:\/\/www.actualidadadiario.com\/index.php\/2022\/04\/27\/una-por-una-las-iniciativas-que-debate-el-senado-para-la-ampliacion-de-la-corte\/","title":{"rendered":"Una por una, las iniciativas que debate el Senado para la ampliaci\u00f3n de la Corte"},"content":{"rendered":"<p style=\"text-align: center;\"><em><strong>La reuni\u00f3n del plenario de las comisiones de Asuntos Constitucionales y de Justicia y Asuntos Penales del Senado se realizar\u00e1 este mi\u00e9rcoles desde las 12.30, y servir\u00e1 para avanzar en el tratamiento de tres iniciativas presentadas por el oficialismo y aliados<\/strong><\/em><\/p>\n<p>&nbsp;<\/p>\n<p>&nbsp;<\/p>\n<p>&nbsp;<\/p>\n<p>El Senado de la Naci\u00f3n comienza a debatir este mi\u00e9rcoles una serie de proyectos de ley que introducen modificaciones a la conformaci\u00f3n de la Corte Suprema de Justicia nacional, como el aumento del n\u00famero de sus integrantes, durante un plenario de las comisiones de Asuntos Constitucionales y de Justicia y Asuntos Penales, se inform\u00f3 oficialmente.<\/p>\n<p>La reuni\u00f3n se llevar\u00e1 a cabo desde las 12.30 en el Sal\u00f3n Arturo Illia del Palacio Legislativo y servir\u00e1 para avanzar en el tratamiento de tres iniciativas presentadas por senadores del oficialismo y algunos de sus aliados.<\/p>\n<p>En principio, la intenci\u00f3n es armar una agenda para llevar adelante una serie de audiencias a las que asistir\u00e1n especialistas en la materia.<\/p>\n<p>&nbsp;<\/p>\n<p><strong>Las iniciativas<\/strong><\/p>\n<p>Uno de los expedientes en estudio fue motorizado por el puntano Adolfo Rodr\u00edguez Sa\u00e1, que integra el flamante bloque Frente Nacional y Popular de la C\u00e1mara alta, y propone ampliar de 5 a 9 la cantidad de jueces de la Corte, como tambi\u00e9n federalizar el m\u00e1ximo tribunal con el nombramiento de jueces por regiones.<\/p>\n<p>Otra de las iniciativas bajo estudio fue presentada por la senadora nacional por La Rioja Clara Vega y consiste en la aplicaci\u00f3n en la Corte de la paridad de g\u00e9nero entre varones y mujeres, con la intenci\u00f3n de incrementar el protagonismo de las juristas y darle al m\u00e1ximo tribunal un mayor federalismo.<\/p>\n<p>Vega ingres\u00f3 a la C\u00e1mara alta por Juntos por el Cambio en diciembre de 2019 pero hace cuatro meses se ali\u00f3 al oficialismo peronista.<\/p>\n<p>Otro proyecto es el del representante de Juntos Somos R\u00edo Negro y habitual aliado del Frente de Todos Alberto Weretilneck, cuya principal caracter\u00edstica es que eleva a 16 el n\u00famero de jueces de la Corte Suprema.<\/p>\n<p>Entre sus objetivos, el proyecto del ex gobernador rionegrino propone garantizar y promover la paridad de g\u00e9nero y una representaci\u00f3n del federalismo en el m\u00e1ximo tribunal del Poder Judicial de la Naci\u00f3n.<\/p>\n<p>El expediente establece que, para garantizar el federalismo, la Corte deber\u00e1 integrarse con al menos tres jueces por cada regi\u00f3n, debiendo ser naturales de ella, o tener al menos ocho a\u00f1os de residencia inmediata en la zona respectiva.<\/p>\n<p>Para ello se tendr\u00e1n en cuenta las regiones de CABA y Buenos Aires; por el Norte del pa\u00eds, Jujuy, Salta, Tucum\u00e1n, Chaco, Formosa, Corrientes, Misiones y Santiago del Estero; por el Centro, La Rioja, Catamarca, Mendoza, San Juan, San Luis, C\u00f3rdoba, Santa Fe y Entre R\u00edos, y por la zona Sur, Neuqu\u00e9n, La Pampa, R\u00edo Negro, Chubut, Santa Cruz y Tierra del Fuego.<\/p>\n<p>El presidente de la Corte, de acuerdo al proyecto de Weretilneck, ser\u00e1 designado por el voto mayoritario de la totalidad de los magistrados que la integran por el plazo de un a\u00f1o y no podr\u00e1 elegirse un presidente de la misma regi\u00f3n en forma consecutiva.<\/p>\n<p>Desde Juntos por el Cambio adelantaron que estas iniciativas, en caso de prosperar en la C\u00e1mara alta, no contar\u00e1n con el aval en la C\u00e1mara de Diputados y le reprocharon al oficialismo asumir actitudes con &#8220;efectos electoralistas&#8221;.<\/p>\n<p>En el FdT, en cambio, aseguraron que, en caso de aprobarse cualquier norma, &#8220;deber\u00e1 darse por consenso&#8221;, mientras que desde el Gobierno nacional se manifest\u00f3 preocupaci\u00f3n por &#8220;el conflicto&#8221; institucional entre el Legislativo y el Judicial.<\/p>\n<p>Desde el oficialismo aseguraron que el plenario incluir\u00e1 la invitaci\u00f3n a constitucionalistas y a expertos en Derecho de distintas especialidades para referirse a la eventual modificaci\u00f3n del m\u00e1ximo tribunal.<\/p>\n","protected":false},"excerpt":{"rendered":"<p>La reuni\u00f3n del plenario de las comisiones de Asuntos Constitucionales y de Justicia y Asuntos Penales del Senado se realizar\u00e1 este mi\u00e9rcoles desde las 12.30, y servir\u00e1 para avanzar en el tratamiento de tres iniciativas presentadas por el oficialismo y aliados &nbsp; &nbsp; &nbsp; El Senado de la Naci\u00f3n comienza a debatir este mi\u00e9rcoles una serie de proyectos de ley que introducen modificaciones a la conformaci\u00f3n de la Corte Suprema de Justicia nacional, como el aumento del n\u00famero de sus integrantes, durante un plenario de las comisiones de Asuntos Constitucionales&#8230;<\/p>\n","protected":false},"author":3,"featured_media":85097,"comment_status":"closed","ping_status":"closed","sticky":false,"template":"","format":"standard","meta":[],"categories":[9],"tags":[],"_links":{"self":[{"href":"https:\/\/www.actualidadadiario.com\/index.php\/wp-json\/wp\/v2\/posts\/85460"}],"collection":[{"href":"https:\/\/www.actualidadadiario.com\/index.php\/wp-json\/wp\/v2\/posts"}],"about":[{"href":"https:\/\/www.actualidadadiario.com\/index.php\/wp-json\/wp\/v2\/types\/post"}],"author":[{"embeddable":true,"href":"https:\/\/www.actualidadadiario.com\/index.php\/wp-json\/wp\/v2\/users\/3"}],"replies":[{"embeddable":true,"href":"https:\/\/www.actualidadadiario.com\/index.php\/wp-json\/wp\/v2\/comments?post=85460"}],"version-history":[{"count":1,"href":"https:\/\/www.actualidadadiario.com\/index.php\/wp-json\/wp\/v2\/posts\/85460\/revisions"}],"predecessor-version":[{"id":85461,"href":"https:\/\/www.actualidadadiario.com\/index.php\/wp-json\/wp\/v2\/posts\/85460\/revisions\/85461"}],"wp:featuredmedia":[{"embeddable":true,"href":"https:\/\/www.actualidadadiario.com\/index.php\/wp-json\/wp\/v2\/media\/85097"}],"wp:attachment":[{"href":"https:\/\/www.actualidadadiario.com\/index.php\/wp-json\/wp\/v2\/media?parent=85460"}],"wp:term":[{"taxonomy":"category","embeddable":true,"href":"https:\/\/www.actualidadadiario.com\/index.php\/wp-json\/wp\/v2\/categories?post=85460"},{"taxonomy":"post_tag","embeddable":true,"href":"https:\/\/www.actualidadadiario.com\/index.php\/wp-json\/wp\/v2\/tags?post=85460"}],"curies":[{"name":"wp","href":"https:\/\/api.w.org\/{rel}","templated":true}]}}