{"id":85433,"date":"2022-04-26T13:30:17","date_gmt":"2022-04-26T16:30:17","guid":{"rendered":"https:\/\/www.actualidadadiario.com\/?p=85433"},"modified":"2022-04-26T13:30:17","modified_gmt":"2022-04-26T16:30:17","slug":"francisco-volvio-a-cancelar-su-agenda-por-dolores-en-la-rodilla","status":"publish","type":"post","link":"https:\/\/www.actualidadadiario.com\/index.php\/2022\/04\/26\/francisco-volvio-a-cancelar-su-agenda-por-dolores-en-la-rodilla\/","title":{"rendered":"Francisco volvi\u00f3 a cancelar su agenda por dolores en la rodilla"},"content":{"rendered":"<p style=\"text-align: center;\"><em><strong>El Papa, de 85 a\u00f1os, hab\u00eda tenido que suspender la semana pasada algunas actividades a causa del dolor en la rodilla derecha que empez\u00f3 a restringirle movimientos en enero de este a\u00f1o<\/strong><\/em><\/p>\n<p>&nbsp;<\/p>\n<p>&nbsp;<\/p>\n<p>El papa Francisco cancel\u00f3 este martes las actividades que ten\u00eda en agenda a causa del dolor en la rodilla derecha que arrastra hace varios meses, inform\u00f3 su vocero Matteo Bruni.<\/p>\n<p>&#8220;A causa de los dolores en la rodilla, y por consejo m\u00e9dico, el papa Francisco interrumpi\u00f3 las actividades previstas para hoy&#8221;, plante\u00f3 Bruni en un comunicado.<\/p>\n<p>Francisco, de 85 a\u00f1os, hab\u00eda tenido que suspender la semana pasada algunas actividades a causa del dolor en la rodilla derecha que empez\u00f3 a restringirle movimientos en enero de este a\u00f1o.<\/p>\n<p>Este martes, el Papa debi\u00f3 incluso suspender su participaci\u00f3n en la reuni\u00f3n del Consejo de Cardenales con el que se re\u00fane de forma peri\u00f3dica desde 2014 para analizar la reforma de la Curia.<\/p>\n","protected":false},"excerpt":{"rendered":"<p>El Papa, de 85 a\u00f1os, hab\u00eda tenido que suspender la semana pasada algunas actividades a causa del dolor en la rodilla derecha que empez\u00f3 a restringirle movimientos en enero de este a\u00f1o &nbsp; &nbsp; El papa Francisco cancel\u00f3 este martes las actividades que ten\u00eda en agenda a causa del dolor en la rodilla derecha que arrastra hace varios meses, inform\u00f3 su vocero Matteo Bruni. &#8220;A causa de los dolores en la rodilla, y por consejo m\u00e9dico, el papa Francisco interrumpi\u00f3 las actividades previstas para hoy&#8221;, plante\u00f3 Bruni en un comunicado&#8230;.<\/p>\n","protected":false},"author":3,"featured_media":85291,"comment_status":"closed","ping_status":"closed","sticky":false,"template":"","format":"standard","meta":[],"categories":[4],"tags":[],"_links":{"self":[{"href":"https:\/\/www.actualidadadiario.com\/index.php\/wp-json\/wp\/v2\/posts\/85433"}],"collection":[{"href":"https:\/\/www.actualidadadiario.com\/index.php\/wp-json\/wp\/v2\/posts"}],"about":[{"href":"https:\/\/www.actualidadadiario.com\/index.php\/wp-json\/wp\/v2\/types\/post"}],"author":[{"embeddable":true,"href":"https:\/\/www.actualidadadiario.com\/index.php\/wp-json\/wp\/v2\/users\/3"}],"replies":[{"embeddable":true,"href":"https:\/\/www.actualidadadiario.com\/index.php\/wp-json\/wp\/v2\/comments?post=85433"}],"version-history":[{"count":1,"href":"https:\/\/www.actualidadadiario.com\/index.php\/wp-json\/wp\/v2\/posts\/85433\/revisions"}],"predecessor-version":[{"id":85434,"href":"https:\/\/www.actualidadadiario.com\/index.php\/wp-json\/wp\/v2\/posts\/85433\/revisions\/85434"}],"wp:featuredmedia":[{"embeddable":true,"href":"https:\/\/www.actualidadadiario.com\/index.php\/wp-json\/wp\/v2\/media\/85291"}],"wp:attachment":[{"href":"https:\/\/www.actualidadadiario.com\/index.php\/wp-json\/wp\/v2\/media?parent=85433"}],"wp:term":[{"taxonomy":"category","embeddable":true,"href":"https:\/\/www.actualidadadiario.com\/index.php\/wp-json\/wp\/v2\/categories?post=85433"},{"taxonomy":"post_tag","embeddable":true,"href":"https:\/\/www.actualidadadiario.com\/index.php\/wp-json\/wp\/v2\/tags?post=85433"}],"curies":[{"name":"wp","href":"https:\/\/api.w.org\/{rel}","templated":true}]}}