{"id":85418,"date":"2022-04-26T13:06:30","date_gmt":"2022-04-26T16:06:30","guid":{"rendered":"https:\/\/www.actualidadadiario.com\/?p=85418"},"modified":"2022-04-26T13:06:30","modified_gmt":"2022-04-26T16:06:30","slug":"militantes-radicales-del-noreste-entrerriano-se-reuniran-este-sabado-en-federacion","status":"publish","type":"post","link":"https:\/\/www.actualidadadiario.com\/index.php\/2022\/04\/26\/militantes-radicales-del-noreste-entrerriano-se-reuniran-este-sabado-en-federacion\/","title":{"rendered":"Militantes radicales del noreste entrerriano se reunir\u00e1n este s\u00e1bado en Federaci\u00f3n"},"content":{"rendered":"<p style=\"text-align: center;\"><em><strong>La militancia radical del noreste entrerriano se reunir\u00e1 este s\u00e1bado en la ciudad de Federaci\u00f3n. \u201cEl radicalismo entrerriano sigue movilizado en la construcci\u00f3n de una hoja de ruta que re\u00fana los grandes lineamientos alrededor de un plan de desarrollo para Entre R\u00edos\u201d, se\u00f1alaron desde el Comit\u00e9 Provincial<\/strong><\/em><\/p>\n<p>&nbsp;<\/p>\n<p>&nbsp;<\/p>\n<p>\u201cLejos de toda lectura ociosa o cr\u00edtica sin consecuencias, la UCR entrerriana entiende que trabajar por un futuro mejor es posible y ha puesto toda su vocaci\u00f3n transformadora en convocar al pleno de la vida interna partidaria para reunirse y llevar adelante un proceso de planeamiento que se viene concretando en sucesivos encuentros cargados de m\u00edstica y de gran convocatoria. Es por esto que el trabajo de discusi\u00f3n colectiva propuesto se desarrolla mediante talleres de planificaci\u00f3n estrat\u00e9gica y se divide en regiones que, a su turno, congrega a radicales de proximidad para debatir y construir en conjunto la propuesta de desarrollo provincial\u201d, agregaron.<\/p>\n<p>El objetivo es profundizar las \u201cdiscusiones de pol\u00edticas territoriales, que se identifiquen los obst\u00e1culos que se interponen as\u00ed como posibles estrategias para superarlos\u201d.<\/p>\n","protected":false},"excerpt":{"rendered":"<p>La militancia radical del noreste entrerriano se reunir\u00e1 este s\u00e1bado en la ciudad de Federaci\u00f3n. \u201cEl radicalismo entrerriano sigue movilizado en la construcci\u00f3n de una hoja de ruta que re\u00fana los grandes lineamientos alrededor de un plan de desarrollo para Entre R\u00edos\u201d, se\u00f1alaron desde el Comit\u00e9 Provincial &nbsp; &nbsp; \u201cLejos de toda lectura ociosa o cr\u00edtica sin consecuencias, la UCR entrerriana entiende que trabajar por un futuro mejor es posible y ha puesto toda su vocaci\u00f3n transformadora en convocar al pleno de la vida interna partidaria para reunirse y llevar&#8230;<\/p>\n","protected":false},"author":3,"featured_media":80115,"comment_status":"closed","ping_status":"closed","sticky":false,"template":"","format":"standard","meta":[],"categories":[15],"tags":[],"_links":{"self":[{"href":"https:\/\/www.actualidadadiario.com\/index.php\/wp-json\/wp\/v2\/posts\/85418"}],"collection":[{"href":"https:\/\/www.actualidadadiario.com\/index.php\/wp-json\/wp\/v2\/posts"}],"about":[{"href":"https:\/\/www.actualidadadiario.com\/index.php\/wp-json\/wp\/v2\/types\/post"}],"author":[{"embeddable":true,"href":"https:\/\/www.actualidadadiario.com\/index.php\/wp-json\/wp\/v2\/users\/3"}],"replies":[{"embeddable":true,"href":"https:\/\/www.actualidadadiario.com\/index.php\/wp-json\/wp\/v2\/comments?post=85418"}],"version-history":[{"count":2,"href":"https:\/\/www.actualidadadiario.com\/index.php\/wp-json\/wp\/v2\/posts\/85418\/revisions"}],"predecessor-version":[{"id":85420,"href":"https:\/\/www.actualidadadiario.com\/index.php\/wp-json\/wp\/v2\/posts\/85418\/revisions\/85420"}],"wp:featuredmedia":[{"embeddable":true,"href":"https:\/\/www.actualidadadiario.com\/index.php\/wp-json\/wp\/v2\/media\/80115"}],"wp:attachment":[{"href":"https:\/\/www.actualidadadiario.com\/index.php\/wp-json\/wp\/v2\/media?parent=85418"}],"wp:term":[{"taxonomy":"category","embeddable":true,"href":"https:\/\/www.actualidadadiario.com\/index.php\/wp-json\/wp\/v2\/categories?post=85418"},{"taxonomy":"post_tag","embeddable":true,"href":"https:\/\/www.actualidadadiario.com\/index.php\/wp-json\/wp\/v2\/tags?post=85418"}],"curies":[{"name":"wp","href":"https:\/\/api.w.org\/{rel}","templated":true}]}}