{"id":85415,"date":"2022-04-26T13:05:47","date_gmt":"2022-04-26T16:05:47","guid":{"rendered":"https:\/\/www.actualidadadiario.com\/?p=85415"},"modified":"2022-04-26T13:05:47","modified_gmt":"2022-04-26T16:05:47","slug":"los-sindicatos-municipales-de-federacion-aceptaron-el-35-de-aumento-salarial","status":"publish","type":"post","link":"https:\/\/www.actualidadadiario.com\/index.php\/2022\/04\/26\/los-sindicatos-municipales-de-federacion-aceptaron-el-35-de-aumento-salarial\/","title":{"rendered":"Los Sindicatos Municipales de Federaci\u00f3n aceptaron el 35% de aumento salarial"},"content":{"rendered":"<p style=\"text-align: center;\"><em><strong>Ambos gremios municipales de la ciudad de Federaci\u00f3n, AEMFe y SOEM, aceptaron la propuesta salarial presentada por el Ejecutivo de un 35% de aumento<\/strong><\/em><\/p>\n<p>&nbsp;<\/p>\n<p>&nbsp;<\/p>\n<p>En un principio, d\u00edas pasados el Ejecutivo convoc\u00f3 a los dos sindicatos para presentarles la escala de aumentos, quedando para esta semana la reuni\u00f3n en la cual se definir\u00eda la aceptaci\u00f3n o no de la oferta.<\/p>\n<p>Al respecto, este lunes, en representaci\u00f3n del Ejecutivo, la secretaria de Gobierno y Hacienda, Soledad Garc\u00eda y el secretario de Obras y Servicios, Luis Espil, recibieron nuevamente a los representantes gremiales y \u00e9stos les comunicaron que aceptaban la oferta.<\/p>\n<p>De acuerdo a lo presentado por el Ejecutivo, la nueva escala de aumentos ser\u00e1 la siguiente: 15% se pagar\u00e1 con el sueldo del mes de mayo, 10% con el sueldo de julio y el 10% restante con el sueldo de agosto, agregando al sueldo de agosto un 2% m\u00e1s que se deb\u00eda desde el a\u00f1o 2018.<\/p>\n","protected":false},"excerpt":{"rendered":"<p>Ambos gremios municipales de la ciudad de Federaci\u00f3n, AEMFe y SOEM, aceptaron la propuesta salarial presentada por el Ejecutivo de un 35% de aumento &nbsp; &nbsp; En un principio, d\u00edas pasados el Ejecutivo convoc\u00f3 a los dos sindicatos para presentarles la escala de aumentos, quedando para esta semana la reuni\u00f3n en la cual se definir\u00eda la aceptaci\u00f3n o no de la oferta. Al respecto, este lunes, en representaci\u00f3n del Ejecutivo, la secretaria de Gobierno y Hacienda, Soledad Garc\u00eda y el secretario de Obras y Servicios, Luis Espil, recibieron nuevamente a&#8230;<\/p>\n","protected":false},"author":3,"featured_media":85416,"comment_status":"closed","ping_status":"closed","sticky":false,"template":"","format":"standard","meta":[],"categories":[9,15],"tags":[],"_links":{"self":[{"href":"https:\/\/www.actualidadadiario.com\/index.php\/wp-json\/wp\/v2\/posts\/85415"}],"collection":[{"href":"https:\/\/www.actualidadadiario.com\/index.php\/wp-json\/wp\/v2\/posts"}],"about":[{"href":"https:\/\/www.actualidadadiario.com\/index.php\/wp-json\/wp\/v2\/types\/post"}],"author":[{"embeddable":true,"href":"https:\/\/www.actualidadadiario.com\/index.php\/wp-json\/wp\/v2\/users\/3"}],"replies":[{"embeddable":true,"href":"https:\/\/www.actualidadadiario.com\/index.php\/wp-json\/wp\/v2\/comments?post=85415"}],"version-history":[{"count":1,"href":"https:\/\/www.actualidadadiario.com\/index.php\/wp-json\/wp\/v2\/posts\/85415\/revisions"}],"predecessor-version":[{"id":85417,"href":"https:\/\/www.actualidadadiario.com\/index.php\/wp-json\/wp\/v2\/posts\/85415\/revisions\/85417"}],"wp:featuredmedia":[{"embeddable":true,"href":"https:\/\/www.actualidadadiario.com\/index.php\/wp-json\/wp\/v2\/media\/85416"}],"wp:attachment":[{"href":"https:\/\/www.actualidadadiario.com\/index.php\/wp-json\/wp\/v2\/media?parent=85415"}],"wp:term":[{"taxonomy":"category","embeddable":true,"href":"https:\/\/www.actualidadadiario.com\/index.php\/wp-json\/wp\/v2\/categories?post=85415"},{"taxonomy":"post_tag","embeddable":true,"href":"https:\/\/www.actualidadadiario.com\/index.php\/wp-json\/wp\/v2\/tags?post=85415"}],"curies":[{"name":"wp","href":"https:\/\/api.w.org\/{rel}","templated":true}]}}