{"id":85412,"date":"2022-04-26T13:05:02","date_gmt":"2022-04-26T16:05:02","guid":{"rendered":"https:\/\/www.actualidadadiario.com\/?p=85412"},"modified":"2022-04-26T13:05:02","modified_gmt":"2022-04-26T16:05:02","slug":"el-gobierno-trabaja-para-garantizar-el-acceso-al-certificado-unico-de-discapacidad-en-el-norte-entrerriano","status":"publish","type":"post","link":"https:\/\/www.actualidadadiario.com\/index.php\/2022\/04\/26\/el-gobierno-trabaja-para-garantizar-el-acceso-al-certificado-unico-de-discapacidad-en-el-norte-entrerriano\/","title":{"rendered":"El gobierno trabaja para garantizar el acceso al Certificado \u00danico de Discapacidad en el norte entrerriano"},"content":{"rendered":"<p style=\"text-align: center;\"><em><strong>Profesionales de la Junta Evaluadora de Discapacidad tuvieron una jornada en La Paz en la que se capacitaron y evaluaron solicitudes para el Certificado \u00danico de Discapacidad. Fue en el marco del proyecto impulsado por el gobierno provincial, Unicef Argentina y la Fundaci\u00f3n IPNA<\/strong><\/em><\/p>\n<p>&nbsp;<\/p>\n<p>&nbsp;<\/p>\n<p>&#8220;Discapacidad y Derechos Humanos&#8221; fue la capacitaci\u00f3n a cargo de Eduardo Del \u00c1guila y Bel\u00e9n Benar\u00f3s, de la Fundaci\u00f3n IPNA, de la cual participaron referentes de instituciones locales de La Paz.<\/p>\n<p>Por otro lado, profesionales de la Junta Evaluadora del Instituto Provincial de Discapacidad (Iprodi), en un trabajo coordinado con la Municipalidad, realizaron la evaluaci\u00f3n de 21 ciudadanos que tramitaron la obtenci\u00f3n del CUD, de los cuales 16 son ni\u00f1os, ni\u00f1as y adolescentes oriundos de La Paz, Federal, Alcaraz, Santa Elena, San Gustavo y uno de la ciudad correntina de Esquina.<\/p>\n<p>De este modo, se cumple el trabajo de la Junta Evaluadora Itinerante, que busca facilitar el acceso al CUD mediante un trabajo en territorio en aquellas localidades entrerrianas que no poseen Junta Evaluadora.<\/p>\n<p>El proyecto, impulsado de manera conjunta por el gobierno, Fundaci\u00f3n IPNA y Unicef, se viene llevando adelante desde hace cinco a\u00f1os, y a trav\u00e9s del trabajo de una Junta Evaluadora Itinerante se facilita el acceso a la evaluaci\u00f3n y obtenci\u00f3n del CUD en localidades del Norte y Sur entrerriano.<\/p>\n","protected":false},"excerpt":{"rendered":"<p>Profesionales de la Junta Evaluadora de Discapacidad tuvieron una jornada en La Paz en la que se capacitaron y evaluaron solicitudes para el Certificado \u00danico de Discapacidad. Fue en el marco del proyecto impulsado por el gobierno provincial, Unicef Argentina y la Fundaci\u00f3n IPNA &nbsp; &nbsp; &#8220;Discapacidad y Derechos Humanos&#8221; fue la capacitaci\u00f3n a cargo de Eduardo Del \u00c1guila y Bel\u00e9n Benar\u00f3s, de la Fundaci\u00f3n IPNA, de la cual participaron referentes de instituciones locales de La Paz. Por otro lado, profesionales de la Junta Evaluadora del Instituto Provincial de Discapacidad&#8230;<\/p>\n","protected":false},"author":3,"featured_media":85413,"comment_status":"closed","ping_status":"closed","sticky":false,"template":"","format":"standard","meta":[],"categories":[15],"tags":[],"_links":{"self":[{"href":"https:\/\/www.actualidadadiario.com\/index.php\/wp-json\/wp\/v2\/posts\/85412"}],"collection":[{"href":"https:\/\/www.actualidadadiario.com\/index.php\/wp-json\/wp\/v2\/posts"}],"about":[{"href":"https:\/\/www.actualidadadiario.com\/index.php\/wp-json\/wp\/v2\/types\/post"}],"author":[{"embeddable":true,"href":"https:\/\/www.actualidadadiario.com\/index.php\/wp-json\/wp\/v2\/users\/3"}],"replies":[{"embeddable":true,"href":"https:\/\/www.actualidadadiario.com\/index.php\/wp-json\/wp\/v2\/comments?post=85412"}],"version-history":[{"count":1,"href":"https:\/\/www.actualidadadiario.com\/index.php\/wp-json\/wp\/v2\/posts\/85412\/revisions"}],"predecessor-version":[{"id":85414,"href":"https:\/\/www.actualidadadiario.com\/index.php\/wp-json\/wp\/v2\/posts\/85412\/revisions\/85414"}],"wp:featuredmedia":[{"embeddable":true,"href":"https:\/\/www.actualidadadiario.com\/index.php\/wp-json\/wp\/v2\/media\/85413"}],"wp:attachment":[{"href":"https:\/\/www.actualidadadiario.com\/index.php\/wp-json\/wp\/v2\/media?parent=85412"}],"wp:term":[{"taxonomy":"category","embeddable":true,"href":"https:\/\/www.actualidadadiario.com\/index.php\/wp-json\/wp\/v2\/categories?post=85412"},{"taxonomy":"post_tag","embeddable":true,"href":"https:\/\/www.actualidadadiario.com\/index.php\/wp-json\/wp\/v2\/tags?post=85412"}],"curies":[{"name":"wp","href":"https:\/\/api.w.org\/{rel}","templated":true}]}}