{"id":85403,"date":"2022-04-26T13:02:50","date_gmt":"2022-04-26T16:02:50","guid":{"rendered":"https:\/\/www.actualidadadiario.com\/?p=85403"},"modified":"2022-04-26T13:02:50","modified_gmt":"2022-04-26T16:02:50","slug":"milei-comienza-a-mostrar-su-armado-en-entre-rios","status":"publish","type":"post","link":"https:\/\/www.actualidadadiario.com\/index.php\/2022\/04\/26\/milei-comienza-a-mostrar-su-armado-en-entre-rios\/","title":{"rendered":"Milei comienza a mostrar su armado en Entre R\u00edos"},"content":{"rendered":"<p style=\"text-align: center;\"><em><strong>Este s\u00e1bado 23 de abril el Partido Dem\u00f3crata realiz\u00f3 un gran acto en la ciudad de Mendoza, donde hizo p\u00fablico su apoyo a nivel nacional al diputado nacional Javier Milei como candidato a presidente. La particularidad de este acto se dio porque por primera vez desde la declaraci\u00f3n p\u00fablica de sus ambiciones presidenciales, Milei dio su apoyo al armado en la provincia de Entre R\u00edos, en la figura del presidente del Partido Dem\u00f3crata entrerriano, Sebasti\u00e1n Iglesias, y el promotor del Partido Libertario, Juan Mart\u00edn Erro<\/strong><\/em><\/p>\n<p>&nbsp;<\/p>\n<p>&nbsp;<\/p>\n<p>En este encuentro, tambi\u00e9n participaron el l\u00edder del Partido Dem\u00f3crata a nivel nacional, Carlos Balter; la diputada nacional por \u201cLa Libertad Avanza\u201d Victoria Villarruel, y el referente dem\u00f3crata entrerriano Alejandro Flores.<\/p>\n<p>Tras un breve encuentro con Milei, el l\u00edder dem\u00f3crata Iglesias se\u00f1al\u00f3: \u201cEl pueblo entrerriano y el pueblo argentino merece una alternativa que busque reemplazar a la casta pol\u00edtica por dirigentes de a pie, que piensen en los problemas cotidianos. No podemos seguir manteniendo con nuestros impuestos a quienes nos roban.\u201d<\/p>\n<p>Con eje en las problem\u00e1ticas provinciales, Iglesias garantiz\u00f3 que su partido est\u00e1 trabajando, junto a los equipos de Javier Milei, para construir una alternativa viable para Entre R\u00edos y la Naci\u00f3n en 2023.<\/p>\n<p>Adicionalmente, Iglesias comparti\u00f3 un almuerzo con otros dirigentes del Partido Dem\u00f3crata y los diputados nacionales de \u201cLa Libertad Avanza\u201d. En este almuerzo, Iglesias y Villarruel compartieron visiones respecto a los problemas de desarrollo que enfrentan en la actualidad las econom\u00edas regionales en nuestra provincia. Tambi\u00e9n, afirmaron, comenz\u00f3 la preparaci\u00f3n de una visita del potencial candidato presidencial libertario a nuestra provincia, en los pr\u00f3ximos meses.<\/p>\n","protected":false},"excerpt":{"rendered":"<p>Este s\u00e1bado 23 de abril el Partido Dem\u00f3crata realiz\u00f3 un gran acto en la ciudad de Mendoza, donde hizo p\u00fablico su apoyo a nivel nacional al diputado nacional Javier Milei como candidato a presidente. La particularidad de este acto se dio porque por primera vez desde la declaraci\u00f3n p\u00fablica de sus ambiciones presidenciales, Milei dio su apoyo al armado en la provincia de Entre R\u00edos, en la figura del presidente del Partido Dem\u00f3crata entrerriano, Sebasti\u00e1n Iglesias, y el promotor del Partido Libertario, Juan Mart\u00edn Erro &nbsp; &nbsp; En este encuentro,&#8230;<\/p>\n","protected":false},"author":3,"featured_media":85404,"comment_status":"closed","ping_status":"closed","sticky":false,"template":"","format":"standard","meta":[],"categories":[15],"tags":[],"_links":{"self":[{"href":"https:\/\/www.actualidadadiario.com\/index.php\/wp-json\/wp\/v2\/posts\/85403"}],"collection":[{"href":"https:\/\/www.actualidadadiario.com\/index.php\/wp-json\/wp\/v2\/posts"}],"about":[{"href":"https:\/\/www.actualidadadiario.com\/index.php\/wp-json\/wp\/v2\/types\/post"}],"author":[{"embeddable":true,"href":"https:\/\/www.actualidadadiario.com\/index.php\/wp-json\/wp\/v2\/users\/3"}],"replies":[{"embeddable":true,"href":"https:\/\/www.actualidadadiario.com\/index.php\/wp-json\/wp\/v2\/comments?post=85403"}],"version-history":[{"count":1,"href":"https:\/\/www.actualidadadiario.com\/index.php\/wp-json\/wp\/v2\/posts\/85403\/revisions"}],"predecessor-version":[{"id":85405,"href":"https:\/\/www.actualidadadiario.com\/index.php\/wp-json\/wp\/v2\/posts\/85403\/revisions\/85405"}],"wp:featuredmedia":[{"embeddable":true,"href":"https:\/\/www.actualidadadiario.com\/index.php\/wp-json\/wp\/v2\/media\/85404"}],"wp:attachment":[{"href":"https:\/\/www.actualidadadiario.com\/index.php\/wp-json\/wp\/v2\/media?parent=85403"}],"wp:term":[{"taxonomy":"category","embeddable":true,"href":"https:\/\/www.actualidadadiario.com\/index.php\/wp-json\/wp\/v2\/categories?post=85403"},{"taxonomy":"post_tag","embeddable":true,"href":"https:\/\/www.actualidadadiario.com\/index.php\/wp-json\/wp\/v2\/tags?post=85403"}],"curies":[{"name":"wp","href":"https:\/\/api.w.org\/{rel}","templated":true}]}}