{"id":85399,"date":"2022-04-26T12:11:12","date_gmt":"2022-04-26T15:11:12","guid":{"rendered":"https:\/\/www.actualidadadiario.com\/?p=85399"},"modified":"2022-04-26T12:11:12","modified_gmt":"2022-04-26T15:11:12","slug":"continua-la-ronda-de-consultas-en-diputados-por-la-reforma-a-la-ley-de-alquileres","status":"publish","type":"post","link":"https:\/\/www.actualidadadiario.com\/index.php\/2022\/04\/26\/continua-la-ronda-de-consultas-en-diputados-por-la-reforma-a-la-ley-de-alquileres\/","title":{"rendered":"Contin\u00faa la ronda de consultas en Diputados por la reforma a la ley de alquileres"},"content":{"rendered":"<p style=\"text-align: center;\"><em><strong>Tras concluir las reuniones informativas con las exposiciones de las asociaciones de entidades de inquilinos, de martilleros, c\u00e1maras inmobiliarias y miembros de Defensa del Consumidor, comenzar\u00e1 el debate interno entre los legisladores<\/strong><\/em><\/p>\n<p>&nbsp;<\/p>\n<p>&nbsp;<\/p>\n<p>La comisi\u00f3n de Legislaci\u00f3n General de la C\u00e1mara de Diputados continuar\u00e1 esta tarde con la ronda de consulta sobre la reforma a la ley de alquileres, donde expondr\u00e1n asociaciones de inquilinos y de corredores inmobiliarios, tras lo cual comenzar\u00e1 una etapa de b\u00fasqueda de acuerdo parlamentario, que est\u00e1 centrado en la extensi\u00f3n de contratos y su actualizaci\u00f3n.<\/p>\n<p>Si bien el objetivo acordado entre las bancadas parlamentarias era comenzar hoy el debate parlamentario, el viernes \u00faltimo las autoridades de la comisi\u00f3n -conducida por la legisladora Cecilia Moreau- decidieron realizar otra jornada de consultas con los sectores involucrados en este mercado.<\/p>\n<p>Desde las 13:30, con mayor\u00eda de testimonios presenciales sobre los virtuales, expondr\u00e1n representantes de la Universidad Nacional Rosario; Inmobinet; Consultora Sarand\u00ed; la subsecretaria de H\u00e1bitat de la Municipalidad de Rosario; la red de Derechos Humanos de Corrientes; la Asociaci\u00f3n Civil Inquilinos Argentinos por un techo digno y de la Fundaci\u00f3n Amadeo Capital Humano-Chaco.<\/p>\n<p>Tambi\u00e9n participar\u00e1n expositores de la direcci\u00f3n de la Maestr\u00eda de Econom\u00eda Urbana de la Universidad Torcuato Di Tella; de la C\u00e1tedra Derecho a la Vivienda de la Universidad de Avellaneda; del concejo deliberante de Rosario; de la Fundaci\u00f3n Haciendo; de Provocaciones Urbanas\u2013Facultad de Ciencia Pol\u00edtica-Universidad Nacional de Rosario y del Instituto de Investigaciones para el desarrollo territorial y del h\u00e1bitat humano-Universidad Nacional del Nordeste\/Conicet.<\/p>\n<p>Por \u00faltimo, asistir\u00e1n representantes de Hipotecados UVA; de la Asociaci\u00f3n Inquilinos San Juan; de las universidades de Lan\u00fas y San Mart\u00edn; de la Asamblea de Inquilinos de Tandil; de la secretaria Ademys y de la CTA Capital.<\/p>\n<p>Tras concluir las reuniones informativas con las exposiciones de las asociaciones de entidades de inquilinos, de martilleros, c\u00e1maras inmobiliarias y miembros de Defensa del Consumidor, comenzar\u00e1 el debate interno entre los legisladores.<\/p>\n","protected":false},"excerpt":{"rendered":"<p>Tras concluir las reuniones informativas con las exposiciones de las asociaciones de entidades de inquilinos, de martilleros, c\u00e1maras inmobiliarias y miembros de Defensa del Consumidor, comenzar\u00e1 el debate interno entre los legisladores &nbsp; &nbsp; La comisi\u00f3n de Legislaci\u00f3n General de la C\u00e1mara de Diputados continuar\u00e1 esta tarde con la ronda de consulta sobre la reforma a la ley de alquileres, donde expondr\u00e1n asociaciones de inquilinos y de corredores inmobiliarios, tras lo cual comenzar\u00e1 una etapa de b\u00fasqueda de acuerdo parlamentario, que est\u00e1 centrado en la extensi\u00f3n de contratos y su&#8230;<\/p>\n","protected":false},"author":3,"featured_media":84861,"comment_status":"closed","ping_status":"closed","sticky":false,"template":"","format":"standard","meta":[],"categories":[18],"tags":[],"_links":{"self":[{"href":"https:\/\/www.actualidadadiario.com\/index.php\/wp-json\/wp\/v2\/posts\/85399"}],"collection":[{"href":"https:\/\/www.actualidadadiario.com\/index.php\/wp-json\/wp\/v2\/posts"}],"about":[{"href":"https:\/\/www.actualidadadiario.com\/index.php\/wp-json\/wp\/v2\/types\/post"}],"author":[{"embeddable":true,"href":"https:\/\/www.actualidadadiario.com\/index.php\/wp-json\/wp\/v2\/users\/3"}],"replies":[{"embeddable":true,"href":"https:\/\/www.actualidadadiario.com\/index.php\/wp-json\/wp\/v2\/comments?post=85399"}],"version-history":[{"count":1,"href":"https:\/\/www.actualidadadiario.com\/index.php\/wp-json\/wp\/v2\/posts\/85399\/revisions"}],"predecessor-version":[{"id":85400,"href":"https:\/\/www.actualidadadiario.com\/index.php\/wp-json\/wp\/v2\/posts\/85399\/revisions\/85400"}],"wp:featuredmedia":[{"embeddable":true,"href":"https:\/\/www.actualidadadiario.com\/index.php\/wp-json\/wp\/v2\/media\/84861"}],"wp:attachment":[{"href":"https:\/\/www.actualidadadiario.com\/index.php\/wp-json\/wp\/v2\/media?parent=85399"}],"wp:term":[{"taxonomy":"category","embeddable":true,"href":"https:\/\/www.actualidadadiario.com\/index.php\/wp-json\/wp\/v2\/categories?post=85399"},{"taxonomy":"post_tag","embeddable":true,"href":"https:\/\/www.actualidadadiario.com\/index.php\/wp-json\/wp\/v2\/tags?post=85399"}],"curies":[{"name":"wp","href":"https:\/\/api.w.org\/{rel}","templated":true}]}}