{"id":85391,"date":"2022-04-26T12:03:45","date_gmt":"2022-04-26T15:03:45","guid":{"rendered":"https:\/\/www.actualidadadiario.com\/?p=85391"},"modified":"2022-04-26T12:03:45","modified_gmt":"2022-04-26T15:03:45","slug":"cuatro-meses-despues-diputados-conformara-sus-comisiones","status":"publish","type":"post","link":"https:\/\/www.actualidadadiario.com\/index.php\/2022\/04\/26\/cuatro-meses-despues-diputados-conformara-sus-comisiones\/","title":{"rendered":"Cuatro meses despu\u00e9s, Diputados conformar\u00e1 sus comisiones"},"content":{"rendered":"<p style=\"text-align: center;\"><em><strong>Luego de cuatro meses de demora, se ponen en marcha 11 comisiones en Diputados. Sin embargo, a\u00fan falta la conformaci\u00f3n de las m\u00e1s relevantes<\/strong><\/em><\/p>\n<p>&nbsp;<\/p>\n<p>&nbsp;<\/p>\n<p>Luego de cuatro meses de demora, finalmente la C\u00e1mara de Diputados arrancar\u00e1 con la conformaci\u00f3n de las comisiones de trabajo.<\/p>\n<p>En concreto, esta semana se conformar\u00e1n 11 de las 43 comisiones en Diputados, lo que ser\u00e1 el puntapi\u00e9 inicial para que la C\u00e1mara baja retome su funcionamiento, que est\u00e1 paralizado y condensado en solo tres temas: acuerdo con el FMI, ley de Alquileres, y Consejo de la Magistratura.<\/p>\n<p>Seg\u00fan el cronograma difundido por las autoridades de la C\u00e1mara baja, este mi\u00e9rcoles y jueves se conformar\u00e1n las comisiones de Educaci\u00f3n; Comunicaciones e Inform\u00e1tica; Acci\u00f3n Social y Salud P\u00fablica; Obras P\u00fablicas; Agricultura y Ganader\u00eda; Industria; Ciencia y Tecnolog\u00eda; Recursos Naturales y Conservaci\u00f3n del Ambiente Humano; Poblaci\u00f3n y Desarrollo Humano y Deportes.<\/p>\n<p>&nbsp;<\/p>\n<p><strong>C\u00f3mo quedar\u00e1n las comisiones en Diputados<\/strong><\/p>\n<p>Seg\u00fan la informaci\u00f3n oficial que difundi\u00f3 Diputados, el oficialismo continuar\u00e1 presidiendo las comisiones de Educaci\u00f3n; Comunicaciones e Inform\u00e1tica, y Recursos Naturales y Conservaci\u00f3n del Ambiente Humano.<\/p>\n<p>As\u00ed las cosas, dichas comisiones ser\u00e1n comandadas por sus anteriores presidentes: Blanca Osuna, Pablo Carro y Leonardo Grosso, respectivamente. A su vez, el bloque del Frente de Todos tambi\u00e9n mantendr\u00e1 la presidencia de Obras P\u00fablicas, cargo para el cual ser\u00e1 designado el diputado nacional Daniel Bru\u00e9, mientras que tomar\u00e1 las riendas de la Comisi\u00f3n de Industria la presidir\u00e1 Marcelo Casaretto.<\/p>\n<p>Por su parte, el interbloque de Juntos por el Cambio presidir\u00e1 las comisiones de Agricultura y Ganader\u00eda, que presidir\u00e1 Ricardo Buryaile; Ciencia, Tecnolog\u00eda e Innovaci\u00f3n, que quedar\u00e1 para Facundo Manes, y Deportes, que presidir\u00e1 H\u00e9ctor Baldassi. Asimismo, la comisi\u00f3n de Poblaci\u00f3n tambi\u00e9n quedar\u00e1 en manos de Juntos por el Cambio, aunque a\u00fan no se comunic\u00f3 formalmente qui\u00e9n ser\u00e1 su presidente. Por el Interbloque Federal la santafesina M\u00f3nica Fein presidir\u00e1 la comisi\u00f3n Acci\u00f3n Social y Salud P\u00fablica, que antes era presidida por el tucumano Pablo Yedlin.<\/p>\n","protected":false},"excerpt":{"rendered":"<p>Luego de cuatro meses de demora, se ponen en marcha 11 comisiones en Diputados. Sin embargo, a\u00fan falta la conformaci\u00f3n de las m\u00e1s relevantes &nbsp; &nbsp; Luego de cuatro meses de demora, finalmente la C\u00e1mara de Diputados arrancar\u00e1 con la conformaci\u00f3n de las comisiones de trabajo. En concreto, esta semana se conformar\u00e1n 11 de las 43 comisiones en Diputados, lo que ser\u00e1 el puntapi\u00e9 inicial para que la C\u00e1mara baja retome su funcionamiento, que est\u00e1 paralizado y condensado en solo tres temas: acuerdo con el FMI, ley de Alquileres, y&#8230;<\/p>\n","protected":false},"author":3,"featured_media":79052,"comment_status":"closed","ping_status":"closed","sticky":false,"template":"","format":"standard","meta":[],"categories":[18],"tags":[],"_links":{"self":[{"href":"https:\/\/www.actualidadadiario.com\/index.php\/wp-json\/wp\/v2\/posts\/85391"}],"collection":[{"href":"https:\/\/www.actualidadadiario.com\/index.php\/wp-json\/wp\/v2\/posts"}],"about":[{"href":"https:\/\/www.actualidadadiario.com\/index.php\/wp-json\/wp\/v2\/types\/post"}],"author":[{"embeddable":true,"href":"https:\/\/www.actualidadadiario.com\/index.php\/wp-json\/wp\/v2\/users\/3"}],"replies":[{"embeddable":true,"href":"https:\/\/www.actualidadadiario.com\/index.php\/wp-json\/wp\/v2\/comments?post=85391"}],"version-history":[{"count":1,"href":"https:\/\/www.actualidadadiario.com\/index.php\/wp-json\/wp\/v2\/posts\/85391\/revisions"}],"predecessor-version":[{"id":85392,"href":"https:\/\/www.actualidadadiario.com\/index.php\/wp-json\/wp\/v2\/posts\/85391\/revisions\/85392"}],"wp:featuredmedia":[{"embeddable":true,"href":"https:\/\/www.actualidadadiario.com\/index.php\/wp-json\/wp\/v2\/media\/79052"}],"wp:attachment":[{"href":"https:\/\/www.actualidadadiario.com\/index.php\/wp-json\/wp\/v2\/media?parent=85391"}],"wp:term":[{"taxonomy":"category","embeddable":true,"href":"https:\/\/www.actualidadadiario.com\/index.php\/wp-json\/wp\/v2\/categories?post=85391"},{"taxonomy":"post_tag","embeddable":true,"href":"https:\/\/www.actualidadadiario.com\/index.php\/wp-json\/wp\/v2\/tags?post=85391"}],"curies":[{"name":"wp","href":"https:\/\/api.w.org\/{rel}","templated":true}]}}