{"id":85389,"date":"2022-04-26T11:51:50","date_gmt":"2022-04-26T14:51:50","guid":{"rendered":"https:\/\/www.actualidadadiario.com\/?p=85389"},"modified":"2022-04-26T11:51:50","modified_gmt":"2022-04-26T14:51:50","slug":"presentan-un-proyecto-para-ampliar-la-corte-a-16-miembros","status":"publish","type":"post","link":"https:\/\/www.actualidadadiario.com\/index.php\/2022\/04\/26\/presentan-un-proyecto-para-ampliar-la-corte-a-16-miembros\/","title":{"rendered":"Presentan un proyecto para ampliar la Corte a 16 miembros"},"content":{"rendered":"<p style=\"text-align: center;\"><em><strong>Lo present\u00f3 el senador rionegrino del Frente de Todos, Alberto Weretilneck, quien se\u00f1al\u00f3 que el objetivo de la iniciativa es &#8220;fortalecer el rol institucional del M\u00e1ximo Tribunal proponiendo una integraci\u00f3n que promueva la igualdad entre hombres y mujeres y que efectivamente garantice el federalismo&#8221;. Los detalles<\/strong><\/em><\/p>\n<p>&nbsp;<\/p>\n<p>&nbsp;<\/p>\n<p>El senador rionegrino del Frente de Todos, Alberto Weretilneck, present\u00f3 este lunes un proyecto de ley en el Congreso para ampliar la Corte Suprema de Justicia a 16 miembros.<\/p>\n<p>El objetivo de la iniciativa oficial es &#8220;fortalecer el rol institucional del M\u00e1ximo Tribunal proponiendo una integraci\u00f3n que promueva la igualdad entre hombres y mujeres y que efectivamente garantice el federalismo que establece el art\u00edculo primero de nuestra Constituci\u00f3n, ampliando su conformaci\u00f3n actual a DIECISEIS (16) miembros y dividi\u00e9ndola en salas&#8221;, seg\u00fan repasa el texto.<\/p>\n<p>En su composici\u00f3n &#8220;deber\u00e1 garantizarse y promoverse la paridad de g\u00e9nero y el federalismo. A los fines de garantizar el federalismo, la Corte deber\u00e1 integrarse con al menos TRES (3) integrantes por cada regi\u00f3n, debiendo ser naturales de ella, o teniendo al menos ocho a\u00f1os de residencia inmediata en la regi\u00f3n&#8221;.<\/p>\n<p>&#8220;La actuaci\u00f3n de las \u00faltimas semanas de la Corte Suprema en relaci\u00f3n a la conformaci\u00f3n del Consejo de la Magistratura ha agravado un proceso que viene acentu\u00e1ndose desde hace tiempo: una politizaci\u00f3n de la Corte en el peor sentido de la palabra, y la concentraci\u00f3n de un enorme poder en manos de CUATRO HOMBRES&#8221;, se\u00f1ala el documento.<\/p>\n<p>El proyecto del ex gobernador de R\u00edo Negro ya ingres\u00f3 a la Mesa de Entradas del Senado de la Naci\u00f3n y fue girada a las comisiones de Asuntos Constitucionales y de Justicia, que conducen los senadores Guillermo Snopek y Oscar Parrilli, respectivamente, quienes pondr\u00edan el debate sobre la mesa el pr\u00f3ximo mi\u00e9rcoles en comisiones.<\/p>\n<p>&nbsp;<\/p>\n<p><strong>Puntos centrales del proyecto <\/strong><\/p>\n<p>-Ampl\u00eda la corte a 16 magistrados<\/p>\n<p>-Establece la paridad de g\u00e9nero<\/p>\n<p>-Cupo Federal: 5 regiones (Ciudad &#8211; Bs As &#8211; Norte \u2013 Centro \u2013 Sur) &#8211; M\u00ednimo 3 magistrados por cada una de las regiones<\/p>\n<p>-Divide en 5 salas de 3 miembros cada una. Se arman por sorteo en cada caso para evitar concentraci\u00f3n de poder<\/p>\n<p>-El presidente de la Corte ser\u00e1 designado por el voto mayoritario de la totalidad de los magistrados que la integran. La presidencia ser\u00e1 ejercida por un periodo de UN (1) a\u00f1o. No podr\u00e1 elegirse un presidente de la misma regi\u00f3n en forma consecutiva.<\/p>\n","protected":false},"excerpt":{"rendered":"<p>Lo present\u00f3 el senador rionegrino del Frente de Todos, Alberto Weretilneck, quien se\u00f1al\u00f3 que el objetivo de la iniciativa es &#8220;fortalecer el rol institucional del M\u00e1ximo Tribunal proponiendo una integraci\u00f3n que promueva la igualdad entre hombres y mujeres y que efectivamente garantice el federalismo&#8221;. Los detalles &nbsp; &nbsp; El senador rionegrino del Frente de Todos, Alberto Weretilneck, present\u00f3 este lunes un proyecto de ley en el Congreso para ampliar la Corte Suprema de Justicia a 16 miembros. El objetivo de la iniciativa oficial es &#8220;fortalecer el rol institucional del M\u00e1ximo&#8230;<\/p>\n","protected":false},"author":3,"featured_media":84952,"comment_status":"closed","ping_status":"closed","sticky":false,"template":"","format":"standard","meta":[],"categories":[9],"tags":[],"_links":{"self":[{"href":"https:\/\/www.actualidadadiario.com\/index.php\/wp-json\/wp\/v2\/posts\/85389"}],"collection":[{"href":"https:\/\/www.actualidadadiario.com\/index.php\/wp-json\/wp\/v2\/posts"}],"about":[{"href":"https:\/\/www.actualidadadiario.com\/index.php\/wp-json\/wp\/v2\/types\/post"}],"author":[{"embeddable":true,"href":"https:\/\/www.actualidadadiario.com\/index.php\/wp-json\/wp\/v2\/users\/3"}],"replies":[{"embeddable":true,"href":"https:\/\/www.actualidadadiario.com\/index.php\/wp-json\/wp\/v2\/comments?post=85389"}],"version-history":[{"count":1,"href":"https:\/\/www.actualidadadiario.com\/index.php\/wp-json\/wp\/v2\/posts\/85389\/revisions"}],"predecessor-version":[{"id":85390,"href":"https:\/\/www.actualidadadiario.com\/index.php\/wp-json\/wp\/v2\/posts\/85389\/revisions\/85390"}],"wp:featuredmedia":[{"embeddable":true,"href":"https:\/\/www.actualidadadiario.com\/index.php\/wp-json\/wp\/v2\/media\/84952"}],"wp:attachment":[{"href":"https:\/\/www.actualidadadiario.com\/index.php\/wp-json\/wp\/v2\/media?parent=85389"}],"wp:term":[{"taxonomy":"category","embeddable":true,"href":"https:\/\/www.actualidadadiario.com\/index.php\/wp-json\/wp\/v2\/categories?post=85389"},{"taxonomy":"post_tag","embeddable":true,"href":"https:\/\/www.actualidadadiario.com\/index.php\/wp-json\/wp\/v2\/tags?post=85389"}],"curies":[{"name":"wp","href":"https:\/\/api.w.org\/{rel}","templated":true}]}}