{"id":85387,"date":"2022-04-26T11:49:24","date_gmt":"2022-04-26T14:49:24","guid":{"rendered":"https:\/\/www.actualidadadiario.com\/?p=85387"},"modified":"2022-04-26T11:49:24","modified_gmt":"2022-04-26T14:49:24","slug":"me-dio-verguenza-carrio-critico-a-macri-por-su-foto-con-trump","status":"publish","type":"post","link":"https:\/\/www.actualidadadiario.com\/index.php\/2022\/04\/26\/me-dio-verguenza-carrio-critico-a-macri-por-su-foto-con-trump\/","title":{"rendered":"&#8220;Me dio verg\u00fcenza&#8221;: Carri\u00f3 critic\u00f3 a Macri por su foto con Trump"},"content":{"rendered":"<p style=\"text-align: center;\"><em><strong>La referente de la Coalici\u00f3n C\u00edvica apunt\u00f3 con dureza contra el expresidente argentino, al criticar su foto con el ex mandatario estadounidense. Tambi\u00e9n advirti\u00f3 que Macri tiene &#8220;un lado oscuro&#8221; vinculado a &#8220;Angelici y compa\u00f1\u00eda&#8221;<\/strong><\/em><\/p>\n<p>&nbsp;<\/p>\n<p>&nbsp;<\/p>\n<p>&nbsp;<\/p>\n<p>La referente de la Coalici\u00f3n C\u00edvica, Elisa Carri\u00f3, apunt\u00f3 con dureza contra el expresidente Mauricio Macri, al criticar su foto con el ex mandatario estadounidense Donald Trump.<\/p>\n<p>&#8220;Esa foto me dio verg\u00fcenza&#8221;, afirm\u00f3 y agreg\u00f3 que ella mantiene con Macri un di\u00e1logo &#8220;directo y sincero&#8221;. &#8220;Es el que menos me ha mentido&#8221;, dijo Carri\u00f3, aunque tambi\u00e9n advirti\u00f3 que tiene &#8220;un lado oscuro&#8221; vinculado a &#8220;Angelici y compa\u00f1\u00eda&#8230;&#8221;.<\/p>\n<p>Al ser consultada sobre su participaci\u00f3n actual en el \u00e1mbito pol\u00edtico, asegur\u00f3 que en la Coalici\u00f3n C\u00edvica siempre estuvieron &#8220;solos&#8221; y siempre hicieron alianzas: &#8220;Muchos me tienen miedo, pero me quieren. Saben que soy honesta, sincera. Este es el momento de corregir&#8221;, asever\u00f3.<\/p>\n<p>En esa l\u00ednea, asegur\u00f3 que ella va a seguir siendo &#8220;una pol\u00edtica cl\u00e1sica&#8221;. &#8220;No voy a renunciar porque alguien me diga que soy de la casta al arte de la pol\u00edtica, de la adscripci\u00f3n a valores, de la lucha por la vida&#8221;, asegur\u00f3, en referencia a Javier Milei, quien la acus\u00f3 de formar parte de la casta pol\u00edtica.<\/p>\n<p>Y agreg\u00f3: &#8220;Si yo, teniendo una jubilaci\u00f3n de 150.000 pesos, soy de la casta pol\u00edtica, bienvenida la casta pol\u00edtica. Porque si hubiera seguido la carrera judicial o si hubiera aceptado ser juez de la Corte, como tantas veces me ofrecieron, hoy estar\u00eda jubilada por 1.400.000 pesos&#8221;.<\/p>\n<p>Por \u00faltimo, analiz\u00f3 las opciones de cara a las elecciones de 2023: &#8220;Se puede correr a la derecha fascista, se puede ir a la izquierda fascista o puede encontrar un centro republicano, abierto, plural, democr\u00e1tico, que sea una luz y un faro para toda Am\u00e9rica Latina&#8221;, concluy\u00f3.<\/p>\n","protected":false},"excerpt":{"rendered":"<p>La referente de la Coalici\u00f3n C\u00edvica apunt\u00f3 con dureza contra el expresidente argentino, al criticar su foto con el ex mandatario estadounidense. Tambi\u00e9n advirti\u00f3 que Macri tiene &#8220;un lado oscuro&#8221; vinculado a &#8220;Angelici y compa\u00f1\u00eda&#8221; &nbsp; &nbsp; &nbsp; La referente de la Coalici\u00f3n C\u00edvica, Elisa Carri\u00f3, apunt\u00f3 con dureza contra el expresidente Mauricio Macri, al criticar su foto con el ex mandatario estadounidense Donald Trump. &#8220;Esa foto me dio verg\u00fcenza&#8221;, afirm\u00f3 y agreg\u00f3 que ella mantiene con Macri un di\u00e1logo &#8220;directo y sincero&#8221;. &#8220;Es el que menos me ha mentido&#8221;,&#8230;<\/p>\n","protected":false},"author":3,"featured_media":42079,"comment_status":"closed","ping_status":"closed","sticky":false,"template":"","format":"standard","meta":[],"categories":[18],"tags":[],"_links":{"self":[{"href":"https:\/\/www.actualidadadiario.com\/index.php\/wp-json\/wp\/v2\/posts\/85387"}],"collection":[{"href":"https:\/\/www.actualidadadiario.com\/index.php\/wp-json\/wp\/v2\/posts"}],"about":[{"href":"https:\/\/www.actualidadadiario.com\/index.php\/wp-json\/wp\/v2\/types\/post"}],"author":[{"embeddable":true,"href":"https:\/\/www.actualidadadiario.com\/index.php\/wp-json\/wp\/v2\/users\/3"}],"replies":[{"embeddable":true,"href":"https:\/\/www.actualidadadiario.com\/index.php\/wp-json\/wp\/v2\/comments?post=85387"}],"version-history":[{"count":1,"href":"https:\/\/www.actualidadadiario.com\/index.php\/wp-json\/wp\/v2\/posts\/85387\/revisions"}],"predecessor-version":[{"id":85388,"href":"https:\/\/www.actualidadadiario.com\/index.php\/wp-json\/wp\/v2\/posts\/85387\/revisions\/85388"}],"wp:featuredmedia":[{"embeddable":true,"href":"https:\/\/www.actualidadadiario.com\/index.php\/wp-json\/wp\/v2\/media\/42079"}],"wp:attachment":[{"href":"https:\/\/www.actualidadadiario.com\/index.php\/wp-json\/wp\/v2\/media?parent=85387"}],"wp:term":[{"taxonomy":"category","embeddable":true,"href":"https:\/\/www.actualidadadiario.com\/index.php\/wp-json\/wp\/v2\/categories?post=85387"},{"taxonomy":"post_tag","embeddable":true,"href":"https:\/\/www.actualidadadiario.com\/index.php\/wp-json\/wp\/v2\/tags?post=85387"}],"curies":[{"name":"wp","href":"https:\/\/api.w.org\/{rel}","templated":true}]}}