{"id":85384,"date":"2022-04-26T11:48:03","date_gmt":"2022-04-26T14:48:03","guid":{"rendered":"https:\/\/www.actualidadadiario.com\/?p=85384"},"modified":"2022-04-26T11:48:03","modified_gmt":"2022-04-26T14:48:03","slug":"los-cambios-que-impulsa-el-gobierno-en-salud-mental","status":"publish","type":"post","link":"https:\/\/www.actualidadadiario.com\/index.php\/2022\/04\/26\/los-cambios-que-impulsa-el-gobierno-en-salud-mental\/","title":{"rendered":"Los cambios que impulsa el Gobierno en salud mental"},"content":{"rendered":"<p style=\"text-align: center;\"><em><strong>Las claves del cambio de paradigma. Los pasos para cumplir la meta de la desmanicomializaci\u00f3n fijada en la ley de Salud Mental<\/strong><\/em><\/p>\n<p>&nbsp;<\/p>\n<p>&nbsp;<\/p>\n<p>El Gobierno nacional lanz\u00f3 una estrategia de abordaje integral para que la salud mental se convierta en pol\u00edtica de Estado en Argentina. Con una perspectiva territorial y una mirada transdisciplinaria, el Ministerio de Salud que lidera Carla Vizzotti, en articulaci\u00f3n con otros ministerios, sociedades cient\u00edficas, expertos, redes de usuarios y la sociedad civil, impulsa una transformaci\u00f3n que podr\u00eda ser \u201crevolucionaria\u201d. Para ello, la implementaci\u00f3n de la Ley Nacional de Salud Mental, que prev\u00e9 la externaci\u00f3n de los 12 mil usuarios internados, ser\u00e1 fundamental. La marcha hacia la \u201cdesmanicomializaci\u00f3n\u201d busca consolidar sus pasos, bajo la idea de que \u201cel encierro no cura\u201d. La apuesta a \u201cMenos encierro con m\u00e1s Estado\u201d que fomenta el gobierno prev\u00e9 un cambio de paradigma: el reemplazo de las instituciones monovalentes (de una sola especialidad, psiquiatr\u00eda) y la restituci\u00f3n de derechos. &#8220;Vamos a cuidar la salud mental desde la perspectiva de derechos, libre de violencias, y desde el respeto a las diversidades&#8221;, explic\u00f3 el presidente Alberto Fern\u00e1ndez al presentar el plan.<\/p>\n<p>La iniciativa se apoyar\u00e1 de la \u00fanica manera en que se pueden apoyar las iniciativas: con fondos. A los 3.700 millones de pesos que el gobierno destinaba a salud mental, se sumaran 4 mil millones m\u00e1s. Se alcanzar\u00e1n los 7.660 millones y, en efecto, se fortalecer\u00e1 el presupuesto actual en Salud Mental que el Ministerio de Salud dispone en un 107 por ciento.<\/p>\n<p>Las acciones, seg\u00fan se\u00f1alaron desde Salud, se orientar\u00e1n en varios niveles. Por un lado, se buscar\u00e1 la puesta en marcha de dispositivos de cuidados de urgencia y guardias interdisciplinarias en los hospitales nacionales, por lo que ser\u00e1 clave la formaci\u00f3n de recursos humanos y profesionales capacitados en perspectiva de territorio; se crear\u00e1 una l\u00ednea 0800 gratuita las 24 horas; se optimizar\u00e1 el funcionamiento de la telemedicina y programas de interconsulta; se ampliar\u00e1n las residencias interdisciplinarias en salud mental en 12 jurisdicciones; se crear\u00e1n cuatro diplomaturas en salud mental comunitaria en todo el pa\u00eds; se duplicar\u00e1n los psicof\u00e1rmacos que se entregan a trav\u00e9s de los botiquines del Plan Remediar.<\/p>\n<p>En este marco, adem\u00e1s de los objetivos espec\u00edficos, tambi\u00e9n existen metas estructurales vinculadas a promover que los hospitales nacionales cumplan con la Ley de Salud Mental vigente; fomentar el trabajo comunitario en los barrios, es decir, crear un enfoque m\u00e1s humano para atender a la salud mental, en el que la sociedad civil tambi\u00e9n tenga protagonismo. Asimismo, revertir el estigma social de la salud mental, a partir de la capacitaci\u00f3n de los trabajadores y las trabajadoras del Estado en el paradigma de la inclusi\u00f3n. Tambi\u00e9n se promover\u00e1, seg\u00fan anunciaron desde el Ministerio de Salud, la promoci\u00f3n de una mejor atenci\u00f3n de aquellas personas con consumos problem\u00e1ticos.<\/p>\n<p>En este marco, el Hospital Nacional en Red Lic. Laura Bonaparte cumplir\u00e1 un rol central: ser\u00e1 la instituci\u00f3n que articule con las jurisdicciones para que cada una de las provincias adecue su situaci\u00f3n a lo que prev\u00e9 la ley. Se anunci\u00f3, en este sentido, una obra de 14 millones de pesos para la construcci\u00f3n de un nuevo edificio destinado a la atenci\u00f3n de ni\u00f1os, ni\u00f1as y adolescentes con un abordaje integral de salud mental.<\/p>\n<p>&nbsp;<\/p>\n<p><strong>Articulaci\u00f3n<\/strong><\/p>\n<p>Con la cartera sanitaria como principal articuladora, la participaci\u00f3n de los diferentes ministerios es clave para que la Salud mental se convierta en una pol\u00edtica de Estado. El ministerio de Desarrollo Territorial y H\u00e1bitat se encargar\u00e1 de la construcci\u00f3n de dos mil viviendas asistidas para tener la capacidad de alojar a los 12 mil usuarios y usuarias que en el presente se hallan internados. La desmanicomializaci\u00f3n que impulsa la Ley de Salud Mental fue un aspecto controvertido porque uno de los principales desaf\u00edos es que, al adecuar los hospitales monovalentes a la polivalencia, exist\u00eda el temor de que las personas quedaran desprotegidas, sin lugar a d\u00f3nde ir. Con esta iniciativa, se busca atender el problema antes de que se convierta en uno: para reemplazar a los manicomios, primero deben existir los espacios de acogida.<\/p>\n<p>Con los ministerios de Desarrollo Productivo y el de Trabajo, Empleo y Seguridad Social, se est\u00e1n desarrollando planes para favorecer la inserci\u00f3n laboral de las personas externadas, desde una perspectiva de inclusi\u00f3n laboral, con lo que implica que un individuo que quiz\u00e1s hace mucho no acced\u00eda a un trabajo pueda hacerlo en las condiciones adecuadas. En diferentes provincias, hay emprendimientos de huerta, carpinter\u00eda, artesan\u00edas, panader\u00eda y vivero, aunque a\u00fan no est\u00e1n formalizados.<\/p>\n<p>Mediante una nueva resoluci\u00f3n del Instituto Nacional de Activismo y Econom\u00eda Social (Inaes), se buscar\u00e1 fortalecer el sector. Con el ministerio de Obras P\u00fablicas, se acord\u00f3 con el fin de construir nuevas locaciones y realizar las adecuaciones de infraestructura correspondientes para que los hospitales monovalentes pasen a ser polivalentes.<\/p>\n<p>Con Educaci\u00f3n, se realizar\u00e1n capacitaciones en todos los niveles para mejorar la escucha de la sociedad civil, as\u00ed como mejorar las capacidades de prevenci\u00f3n, identificaci\u00f3n y contenci\u00f3n de personas con problemas de salud mental. Con el ministerio de Ciencia, Tecnolog\u00eda e Innovaci\u00f3n y el Conicet se realizar\u00e1 un relevamiento de todas las investigaciones en salud mental que se efectuaron durante la pandemia para reflejar el estado de situaci\u00f3n y aportar evidencia cient\u00edfica al respecto. Con Cultura, se consensu\u00f3 una agenda com\u00fan, con el prop\u00f3sito de impulsar piezas culturales (como obras teatrales) que contribuyan a la concientizaci\u00f3n social sobre la salud mental y para que las personas dejen de ser etiquetadas. La casa oscura y El loco y la camisa son dos obras que relatan los padecimientos y exhiben c\u00f3mo, en estos casos, operan las barreras para el acceso a los derechos.<\/p>\n<p>&nbsp;<\/p>\n<p><strong>Reactivaci\u00f3n<\/strong><\/p>\n<p>Tras el par\u00e9ntesis que implic\u00f3 la pandemia y todos los esfuerzos concentrados en el combate de la covid, el gobierno procura fomentar el robustecimiento del campo de la salud mental, hist\u00f3ricamente segregado. Tres muestras institucionales que permiten advertir la reactivaci\u00f3n del sector: primero, por primera vez se realiz\u00f3 una reuni\u00f3n presencial de especialistas en salud mental y miembros de la sociedad civil de la Comisi\u00f3n Nacional Interministerial en Pol\u00edticas de Salud Mental y Adicciones (Conisma), dependiente de Jefatura de Gabinete. Segundo, a partir de esta semana, el Consejo Federal de Salud Mental y Adicciones (Cofesama), comenzar\u00e1 a sesionar dos veces por semana. Y tercero: el pa\u00eds aguarda la llegada de Devora Kestel, la psic\u00f3loga argentina que dirige el Departamento de Salud Mental y Abuso de Sustancias de la OMS, como muestra del apoyo que el organismo internacional ofrecer\u00e1 en la materia.<\/p>\n","protected":false},"excerpt":{"rendered":"<p>Las claves del cambio de paradigma. Los pasos para cumplir la meta de la desmanicomializaci\u00f3n fijada en la ley de Salud Mental &nbsp; &nbsp; El Gobierno nacional lanz\u00f3 una estrategia de abordaje integral para que la salud mental se convierta en pol\u00edtica de Estado en Argentina. Con una perspectiva territorial y una mirada transdisciplinaria, el Ministerio de Salud que lidera Carla Vizzotti, en articulaci\u00f3n con otros ministerios, sociedades cient\u00edficas, expertos, redes de usuarios y la sociedad civil, impulsa una transformaci\u00f3n que podr\u00eda ser \u201crevolucionaria\u201d. Para ello, la implementaci\u00f3n de la&#8230;<\/p>\n","protected":false},"author":3,"featured_media":85385,"comment_status":"closed","ping_status":"closed","sticky":false,"template":"","format":"standard","meta":[],"categories":[9],"tags":[],"_links":{"self":[{"href":"https:\/\/www.actualidadadiario.com\/index.php\/wp-json\/wp\/v2\/posts\/85384"}],"collection":[{"href":"https:\/\/www.actualidadadiario.com\/index.php\/wp-json\/wp\/v2\/posts"}],"about":[{"href":"https:\/\/www.actualidadadiario.com\/index.php\/wp-json\/wp\/v2\/types\/post"}],"author":[{"embeddable":true,"href":"https:\/\/www.actualidadadiario.com\/index.php\/wp-json\/wp\/v2\/users\/3"}],"replies":[{"embeddable":true,"href":"https:\/\/www.actualidadadiario.com\/index.php\/wp-json\/wp\/v2\/comments?post=85384"}],"version-history":[{"count":1,"href":"https:\/\/www.actualidadadiario.com\/index.php\/wp-json\/wp\/v2\/posts\/85384\/revisions"}],"predecessor-version":[{"id":85386,"href":"https:\/\/www.actualidadadiario.com\/index.php\/wp-json\/wp\/v2\/posts\/85384\/revisions\/85386"}],"wp:featuredmedia":[{"embeddable":true,"href":"https:\/\/www.actualidadadiario.com\/index.php\/wp-json\/wp\/v2\/media\/85385"}],"wp:attachment":[{"href":"https:\/\/www.actualidadadiario.com\/index.php\/wp-json\/wp\/v2\/media?parent=85384"}],"wp:term":[{"taxonomy":"category","embeddable":true,"href":"https:\/\/www.actualidadadiario.com\/index.php\/wp-json\/wp\/v2\/categories?post=85384"},{"taxonomy":"post_tag","embeddable":true,"href":"https:\/\/www.actualidadadiario.com\/index.php\/wp-json\/wp\/v2\/tags?post=85384"}],"curies":[{"name":"wp","href":"https:\/\/api.w.org\/{rel}","templated":true}]}}