{"id":85362,"date":"2022-04-25T12:55:41","date_gmt":"2022-04-25T15:55:41","guid":{"rendered":"https:\/\/www.actualidadadiario.com\/?p=85362"},"modified":"2022-04-25T12:55:41","modified_gmt":"2022-04-25T15:55:41","slug":"este-miercoles-vuelve-a-sesionar-la-camara-de-diputados-3","status":"publish","type":"post","link":"https:\/\/www.actualidadadiario.com\/index.php\/2022\/04\/25\/este-miercoles-vuelve-a-sesionar-la-camara-de-diputados-3\/","title":{"rendered":"Este mi\u00e9rcoles vuelve a sesionar la C\u00e1mara de Diputados"},"content":{"rendered":"<p style=\"text-align: center;\"><em><strong>Tras la suspensi\u00f3n de la \u00faltima sesi\u00f3n, este mi\u00e9rcoles a las 11 vuelve a sesionar la C\u00e1mara de Diputados de Entre R\u00edos. La \u00faltima vez que sesionaron fue el 30 de marzo<\/strong><\/em><\/p>\n<p>&nbsp;<\/p>\n<p>&nbsp;<\/p>\n<p>Este mi\u00e9rcoles a las 9 se llevar\u00e1 a cabo la reuni\u00f3n de Labor Parlamentaria para terminar de definir el temario y a las 11 se realizar\u00e1 la cuarta Sesi\u00f3n Ordinaria del 143\u00ba Per\u00edodo Legislativo.<\/p>\n<p>Los diputados sesionar\u00e1n tras la suspensi\u00f3n de la \u00faltima sesi\u00f3n, que estaba prevista para el 13 de abril.<\/p>\n<p>La \u00faltima sesi\u00f3n hab\u00eda tenido lugar el mi\u00e9rcoles 30 de marzo.<\/p>\n","protected":false},"excerpt":{"rendered":"<p>Tras la suspensi\u00f3n de la \u00faltima sesi\u00f3n, este mi\u00e9rcoles a las 11 vuelve a sesionar la C\u00e1mara de Diputados de Entre R\u00edos. La \u00faltima vez que sesionaron fue el 30 de marzo &nbsp; &nbsp; Este mi\u00e9rcoles a las 9 se llevar\u00e1 a cabo la reuni\u00f3n de Labor Parlamentaria para terminar de definir el temario y a las 11 se realizar\u00e1 la cuarta Sesi\u00f3n Ordinaria del 143\u00ba Per\u00edodo Legislativo. Los diputados sesionar\u00e1n tras la suspensi\u00f3n de la \u00faltima sesi\u00f3n, que estaba prevista para el 13 de abril. La \u00faltima sesi\u00f3n hab\u00eda&#8230;<\/p>\n","protected":false},"author":3,"featured_media":77167,"comment_status":"closed","ping_status":"closed","sticky":false,"template":"","format":"standard","meta":[],"categories":[15],"tags":[],"_links":{"self":[{"href":"https:\/\/www.actualidadadiario.com\/index.php\/wp-json\/wp\/v2\/posts\/85362"}],"collection":[{"href":"https:\/\/www.actualidadadiario.com\/index.php\/wp-json\/wp\/v2\/posts"}],"about":[{"href":"https:\/\/www.actualidadadiario.com\/index.php\/wp-json\/wp\/v2\/types\/post"}],"author":[{"embeddable":true,"href":"https:\/\/www.actualidadadiario.com\/index.php\/wp-json\/wp\/v2\/users\/3"}],"replies":[{"embeddable":true,"href":"https:\/\/www.actualidadadiario.com\/index.php\/wp-json\/wp\/v2\/comments?post=85362"}],"version-history":[{"count":1,"href":"https:\/\/www.actualidadadiario.com\/index.php\/wp-json\/wp\/v2\/posts\/85362\/revisions"}],"predecessor-version":[{"id":85363,"href":"https:\/\/www.actualidadadiario.com\/index.php\/wp-json\/wp\/v2\/posts\/85362\/revisions\/85363"}],"wp:featuredmedia":[{"embeddable":true,"href":"https:\/\/www.actualidadadiario.com\/index.php\/wp-json\/wp\/v2\/media\/77167"}],"wp:attachment":[{"href":"https:\/\/www.actualidadadiario.com\/index.php\/wp-json\/wp\/v2\/media?parent=85362"}],"wp:term":[{"taxonomy":"category","embeddable":true,"href":"https:\/\/www.actualidadadiario.com\/index.php\/wp-json\/wp\/v2\/categories?post=85362"},{"taxonomy":"post_tag","embeddable":true,"href":"https:\/\/www.actualidadadiario.com\/index.php\/wp-json\/wp\/v2\/tags?post=85362"}],"curies":[{"name":"wp","href":"https:\/\/api.w.org\/{rel}","templated":true}]}}