{"id":85359,"date":"2022-04-25T12:54:45","date_gmt":"2022-04-25T15:54:45","guid":{"rendered":"https:\/\/www.actualidadadiario.com\/?p=85359"},"modified":"2022-04-25T12:54:45","modified_gmt":"2022-04-25T15:54:45","slug":"autoconvocados-se-movilizaron-en-el-edificio-del-poder-judicial","status":"publish","type":"post","link":"https:\/\/www.actualidadadiario.com\/index.php\/2022\/04\/25\/autoconvocados-se-movilizaron-en-el-edificio-del-poder-judicial\/","title":{"rendered":"Autoconvocados se movilizaron en el edificio del Poder Judicial"},"content":{"rendered":"<p style=\"text-align: center;\"><em><strong>En apoyo a los dirigentes citr\u00edcolas notificados por la Justicia por haber respaldado la protesta de los autoconvocados el pasado 13 de abril, este mediod\u00eda se realiza una movilizaci\u00f3n en Chajar\u00ed<\/strong><\/em><\/p>\n<p>&nbsp;<\/p>\n<p>&nbsp;<\/p>\n<p>La convocatoria se realiz\u00f3 para una concentraci\u00f3n en el puente Colorado, en avenida Belgrano, despu\u00e9s de las 11 de la ma\u00f1ana camionetas se desplazaron en caravana hasta el Poder Judicial.<\/p>\n<p>Los productores ingresaron desde distintos puntos a la ciudad -termas, 25 de Mayo y 9 de Julio- y tuvieron por objetivo marcar presencia frente al edificio del Poder Judicial.<\/p>\n<p>Las camionetas llegaron al edificio con banderas argentinas y con inscripciones en las que se pod\u00eda leer \u201cno somos 5, somos todos\u201d, haciendo alusi\u00f3n a las cinco personas que fueron citadas.<\/p>\n<p>En el lugar tambi\u00e9n se hizo presente el jefe departamental de polic\u00eda, el comisario inspector Luis Pereyra.<\/p>\n<p>Recordemos que para esta jornada, fueron citados en Fiscal\u00eda, cuatro dirigentes citr\u00edcolas sobre los que recay\u00f3 una medida de restricci\u00f3n ante la demanda de un abogado. Adem\u00e1s, debi\u00f3 presentarse una quinta persona, todo en el marco de la causa que investiga lo sucedido en el \u2018tractorazo\u2019 de dos semanas atr\u00e1s.<\/p>\n","protected":false},"excerpt":{"rendered":"<p>En apoyo a los dirigentes citr\u00edcolas notificados por la Justicia por haber respaldado la protesta de los autoconvocados el pasado 13 de abril, este mediod\u00eda se realiza una movilizaci\u00f3n en Chajar\u00ed &nbsp; &nbsp; La convocatoria se realiz\u00f3 para una concentraci\u00f3n en el puente Colorado, en avenida Belgrano, despu\u00e9s de las 11 de la ma\u00f1ana camionetas se desplazaron en caravana hasta el Poder Judicial. Los productores ingresaron desde distintos puntos a la ciudad -termas, 25 de Mayo y 9 de Julio- y tuvieron por objetivo marcar presencia frente al edificio del&#8230;<\/p>\n","protected":false},"author":3,"featured_media":85360,"comment_status":"closed","ping_status":"closed","sticky":false,"template":"","format":"standard","meta":[],"categories":[15],"tags":[],"_links":{"self":[{"href":"https:\/\/www.actualidadadiario.com\/index.php\/wp-json\/wp\/v2\/posts\/85359"}],"collection":[{"href":"https:\/\/www.actualidadadiario.com\/index.php\/wp-json\/wp\/v2\/posts"}],"about":[{"href":"https:\/\/www.actualidadadiario.com\/index.php\/wp-json\/wp\/v2\/types\/post"}],"author":[{"embeddable":true,"href":"https:\/\/www.actualidadadiario.com\/index.php\/wp-json\/wp\/v2\/users\/3"}],"replies":[{"embeddable":true,"href":"https:\/\/www.actualidadadiario.com\/index.php\/wp-json\/wp\/v2\/comments?post=85359"}],"version-history":[{"count":1,"href":"https:\/\/www.actualidadadiario.com\/index.php\/wp-json\/wp\/v2\/posts\/85359\/revisions"}],"predecessor-version":[{"id":85361,"href":"https:\/\/www.actualidadadiario.com\/index.php\/wp-json\/wp\/v2\/posts\/85359\/revisions\/85361"}],"wp:featuredmedia":[{"embeddable":true,"href":"https:\/\/www.actualidadadiario.com\/index.php\/wp-json\/wp\/v2\/media\/85360"}],"wp:attachment":[{"href":"https:\/\/www.actualidadadiario.com\/index.php\/wp-json\/wp\/v2\/media?parent=85359"}],"wp:term":[{"taxonomy":"category","embeddable":true,"href":"https:\/\/www.actualidadadiario.com\/index.php\/wp-json\/wp\/v2\/categories?post=85359"},{"taxonomy":"post_tag","embeddable":true,"href":"https:\/\/www.actualidadadiario.com\/index.php\/wp-json\/wp\/v2\/tags?post=85359"}],"curies":[{"name":"wp","href":"https:\/\/api.w.org\/{rel}","templated":true}]}}