{"id":85354,"date":"2022-04-25T12:53:00","date_gmt":"2022-04-25T15:53:00","guid":{"rendered":"https:\/\/www.actualidadadiario.com\/?p=85354"},"modified":"2022-04-25T12:53:00","modified_gmt":"2022-04-25T15:53:00","slug":"la-policia-detallo-lugares-donde-se-fijarian-radares-para-controlar-la-velocidad-en-rutas","status":"publish","type":"post","link":"https:\/\/www.actualidadadiario.com\/index.php\/2022\/04\/25\/la-policia-detallo-lugares-donde-se-fijarian-radares-para-controlar-la-velocidad-en-rutas\/","title":{"rendered":"La Polic\u00eda detall\u00f3 lugares donde se fijar\u00edan radares para controlar la velocidad en rutas"},"content":{"rendered":"<p style=\"text-align: center;\"><em><strong>El comisario Gustavo Palacios, jefe de Seguridad Vial de la Polic\u00eda de Entre R\u00edos, anticip\u00f3 que -adem\u00e1s de los 8 m\u00f3viles ya anunciados- tambi\u00e9n se piensan colocar otros artefactos fijos<\/strong><\/em><\/p>\n<p>&nbsp;<\/p>\n<p>&nbsp;<\/p>\n<p>&#8220;En este momento, los radares los utilizamos de forma m\u00f3vil y est\u00e1n ubicados en distintas rutas&#8221;, aclar\u00f3 el funcionario policial. Vale remarcar que las provincias y municipios que hayan adherido a la Ley Nacional de Tr\u00e1nsito N\u00b0 24.449 y a la Ley Nacional N\u00b0 26.363 y quieran utilizar radares en rutas y\/o caminos de jurisdicci\u00f3n nacional para constatar infracciones, deben obtener previamente una de las autorizaciones y disposici\u00f3n de la Agencia Nacional de Seguridad Vial, repartici\u00f3n que aprueba su uso en estos corredores nacionales.<\/p>\n<p>Tal como se apunt\u00f3, son ocho los siguientes equipos autorizados para su uso en manos de la Polic\u00eda de Entre R\u00edos. Cinco de ellos est\u00e1n autorizados para ser colocados en cualquier punto de las rutas nacional 12, 14 y 127. Mientras que los tres restantes podr\u00e1n tener movilidad dentro del territorio provincial.<\/p>\n<p>&nbsp;<\/p>\n<p><strong>M\u00e1s radares<\/strong><\/p>\n<p>Posteriormente, &#8220;habr\u00e1 utilizaci\u00f3n de m\u00e1s radares; que ser\u00e1n fijos&#8221;, adelant\u00f3 Palacios. Agregando que &#8220;se dar\u00e1 a conocer en qu\u00e9 lugar estar\u00e1n colocados&#8221;.<\/p>\n<p>Confirm\u00f3 que &#8220;hasta el momento son cinco radares&#8221;, los que &#8220;ya se est\u00e1n completando todos los tr\u00e1mites&#8221;.<\/p>\n<p>&#8220;Estar\u00e1n en la ruta 11: en el kil\u00f3metro 10 y medio; adem\u00e1s del 146 y en el kil\u00f3metro 208&#8221;, detall\u00f3. Sumando a otro &#8220;que estar\u00e1 en la ruta 39, en Caseros y en la ruta 26, en el kil\u00f3metro 29 y medio&#8221;.<\/p>\n<p>&nbsp;<\/p>\n<p><strong>Autov\u00eda 14<\/strong><\/p>\n<p>Por \u00faltimo, el jefe de Seguridad Vial de la Polic\u00eda de Entre R\u00edos coment\u00f3 que &#8220;despu\u00e9s si se puede, la idea es sumar otro en la ruta 14; es algo que est\u00e1 en carpeta&#8221;.<\/p>\n<p>All\u00ed se\u00f1al\u00f3 que &#8220;el lugar ser\u00e1 determinado por la cantidad de accidentes porque todo esto est\u00e1 orientado a la prevenci\u00f3n; dado que &#8211; lamentablemente &#8211; lo que vemos es el exceso de la velocidad como algo recurrente&#8221;, asever\u00f3.<\/p>\n<p>Si bien aclar\u00f3 que son muchos kil\u00f3metros los que comprende la autov\u00eda Artigas, el comisario especul\u00f3 con la probable instalaci\u00f3n en algunos de los puntos cr\u00edticos en cuanto a siniestralidad. &#8220;Desde Paranacito para arriba, tambi\u00e9n en el kil\u00f3metro 245 o en el 260 y m\u00e1s adelante ser\u00eda en el 360, en el departamento Federaci\u00f3n&#8221;, remat\u00f3.<\/p>\n","protected":false},"excerpt":{"rendered":"<p>El comisario Gustavo Palacios, jefe de Seguridad Vial de la Polic\u00eda de Entre R\u00edos, anticip\u00f3 que -adem\u00e1s de los 8 m\u00f3viles ya anunciados- tambi\u00e9n se piensan colocar otros artefactos fijos &nbsp; &nbsp; &#8220;En este momento, los radares los utilizamos de forma m\u00f3vil y est\u00e1n ubicados en distintas rutas&#8221;, aclar\u00f3 el funcionario policial. Vale remarcar que las provincias y municipios que hayan adherido a la Ley Nacional de Tr\u00e1nsito N\u00b0 24.449 y a la Ley Nacional N\u00b0 26.363 y quieran utilizar radares en rutas y\/o caminos de jurisdicci\u00f3n nacional para constatar&#8230;<\/p>\n","protected":false},"author":3,"featured_media":85355,"comment_status":"closed","ping_status":"closed","sticky":false,"template":"","format":"standard","meta":[],"categories":[9,15],"tags":[],"_links":{"self":[{"href":"https:\/\/www.actualidadadiario.com\/index.php\/wp-json\/wp\/v2\/posts\/85354"}],"collection":[{"href":"https:\/\/www.actualidadadiario.com\/index.php\/wp-json\/wp\/v2\/posts"}],"about":[{"href":"https:\/\/www.actualidadadiario.com\/index.php\/wp-json\/wp\/v2\/types\/post"}],"author":[{"embeddable":true,"href":"https:\/\/www.actualidadadiario.com\/index.php\/wp-json\/wp\/v2\/users\/3"}],"replies":[{"embeddable":true,"href":"https:\/\/www.actualidadadiario.com\/index.php\/wp-json\/wp\/v2\/comments?post=85354"}],"version-history":[{"count":1,"href":"https:\/\/www.actualidadadiario.com\/index.php\/wp-json\/wp\/v2\/posts\/85354\/revisions"}],"predecessor-version":[{"id":85356,"href":"https:\/\/www.actualidadadiario.com\/index.php\/wp-json\/wp\/v2\/posts\/85354\/revisions\/85356"}],"wp:featuredmedia":[{"embeddable":true,"href":"https:\/\/www.actualidadadiario.com\/index.php\/wp-json\/wp\/v2\/media\/85355"}],"wp:attachment":[{"href":"https:\/\/www.actualidadadiario.com\/index.php\/wp-json\/wp\/v2\/media?parent=85354"}],"wp:term":[{"taxonomy":"category","embeddable":true,"href":"https:\/\/www.actualidadadiario.com\/index.php\/wp-json\/wp\/v2\/categories?post=85354"},{"taxonomy":"post_tag","embeddable":true,"href":"https:\/\/www.actualidadadiario.com\/index.php\/wp-json\/wp\/v2\/tags?post=85354"}],"curies":[{"name":"wp","href":"https:\/\/api.w.org\/{rel}","templated":true}]}}