{"id":85337,"date":"2022-04-25T12:29:54","date_gmt":"2022-04-25T15:29:54","guid":{"rendered":"https:\/\/www.actualidadadiario.com\/?p=85337"},"modified":"2022-04-25T12:29:54","modified_gmt":"2022-04-25T15:29:54","slug":"una-francia-fracturada-y-otras-lecciones-tras-la-reeleccion-de-macron","status":"publish","type":"post","link":"https:\/\/www.actualidadadiario.com\/index.php\/2022\/04\/25\/una-francia-fracturada-y-otras-lecciones-tras-la-reeleccion-de-macron\/","title":{"rendered":"Una Francia fracturada y otras lecciones tras la reelecci\u00f3n de Macron"},"content":{"rendered":"<p style=\"text-align: center;\"><em><strong>Los comicios mostraron que se consolida tanto la polarizaci\u00f3n social como la desintegraci\u00f3n del modelo pol\u00edtico tradicional del pa\u00eds<\/strong><\/em><\/p>\n<p>&nbsp;<\/p>\n<p>&nbsp;<\/p>\n<p>El presidente Emmanuel Macron logr\u00f3 su reelecci\u00f3n el domingo ante una extrema derecha en auge, en un balotaje que sac\u00f3 a relucir las fracturas de una Francia que el liberal deber\u00e1 ahora coser.<\/p>\n<p>A continuaci\u00f3n, las principales lecciones de una presidencial, en la que Macron se convirti\u00f3, con un 58,5% de votos, en el primer presidente en ser reelegido desde 2002 y Marine Le Pen, con un 40,5%, logr\u00f3 el mejor desempe\u00f1o de la ultraderecha.<\/p>\n<p>&nbsp;<\/p>\n<p><strong>Una Francia dividida<\/strong><\/p>\n<p>Los comicios dejaron un pa\u00eds fracturado: una Francia de jubilados y clase media-alta que vot\u00f3 por el caballo ganador Emmanuel Macron, de 44 a\u00f1os, y otra m\u00e1s popular y que se siente excluida, que apoy\u00f3 a su rival, de 53 a\u00f1os.<\/p>\n<p>La primera vive en las grandes ciudades y en el oeste. La otra, que apost\u00f3 por Marine Le Pen se encuentra en el antiguo basti\u00f3n industrial del norte, en el este, a orillas del Mediterr\u00e1neo y en sus territorios de Am\u00e9rica Latina y el Caribe.<\/p>\n<p>Seg\u00fan los sondeos, Macron obtuvo sus mejores resultados entre los mayores de 60 a\u00f1os y, sobre todo, entre los m\u00e1s de 70. El centrista seduce especialmente a ejecutivos, jubilados y votantes con al menos tres a\u00f1os de estudios superiores.<\/p>\n<p>La ultraderechista atrae a un electorado popular constituido de obreros y asalariados, especialmente sensible a una campa\u00f1a basada en defender su poder adquisitivo sin renegar la radicalidad de su programa sobre migraci\u00f3n.<\/p>\n<p>&nbsp;<\/p>\n<p><strong>Los territorios de ultramar<\/strong><\/p>\n<p>Marine Le Pen se impuso en la mayor\u00eda de territorios de ultramar: en los americanos de Guadalupe (69,6%), Martinica (60,87%) y Guyana (60,70%), as\u00ed como en la R\u00e9union (59,57%) y Mayotte (59,10%), en el oc\u00e9ano \u00cdndico.<\/p>\n<p>Salvo en Mayotte, donde ya gan\u00f3 Le Pen, en el resto se impuso en la primera vuelta el izquierdista Jean-Luc M\u00e9lenchon. El resultado del balotaje refleja as\u00ed un voto de protesta con una crisis social como tel\u00f3n de fondo.<\/p>\n<p>&#8220;Si Le Pen es mayoritaria en estos territorios, es por un voto por descarte, no un voto de adhesi\u00f3n a su programa&#8221;, indic\u00f3 Martial Foucault, experto de Sciences Po en los territorios de ultramar.<\/p>\n<p>El mandatario centrista se impuso por su parte en los territorios del Pac\u00edfico Sur: Nueva Caledonia (61,04%), Polinesia Francesa (51,80%) y Wallis y Futuna (67,44%), seg\u00fan los resultados del ministerio del Interior.<\/p>\n<p>&nbsp;<\/p>\n<p><strong>Desencanto juvenil<\/strong><\/p>\n<p>Un 28% de los casi 49 millones de franceses llamados a las urnas se abstuvieron, 2,5 puntos m\u00e1s que en 2017, cuando ya hubo un duelo entre Macron y Le Pen, y un r\u00e9cord desde el balotaje de la presidencial de 1969 (31%).<\/p>\n<p>Otros tres millones de electores votaron por su parte en blanco o nulo. Si se suman a los abstencionistas, &#8220;m\u00e1s de un tercio del electorado decidi\u00f3 no elegir&#8221;, resumi\u00f3 Mathieu Gallard, de Ipsos, en la radio France Info.<\/p>\n<p>Por edades, un 41% de los electores entre 18 y 24 a\u00f1os se abstuvo, as\u00ed como el 38% de los 25-34 a\u00f1os, seg\u00fan un sondeo de Ipsos.<\/p>\n<p>Este porcentaje se desploma al 20% entre los 60 a 69 a\u00f1os y al 15% entre los mayores de 70.<\/p>\n<p>El desencanto con la primera vuelta llev\u00f3 a estudiantes a ocupar temporalmente la universidad de la Sorbona. Muchos denunciaban el balance social y ecol\u00f3gico de los cinco a\u00f1os de Macron, pero tambi\u00e9n tem\u00edan que la extrema derecha llegara al poder.<\/p>\n<p>&#8220;Estoy contento de que la extrema derecha no haya llegado al poder, pero no pienso que Emmanuel Macron represente realmente a una gran mayor\u00eda de franceses&#8221;, asegur\u00f3 este lunes a la AFP Baptiste Dengremont, un estudiante de 20 en Lille (norte).<\/p>\n<p>&nbsp;<\/p>\n<p><strong>Un tablero pol\u00edtico en recomposici\u00f3n<\/strong><\/p>\n<p>La primera lecci\u00f3n lleg\u00f3 la noche de la primera vuelta. Los partidos tradicionales -socialistas y Los Republicanos (derecha)-, tocados ya en 2017, acabaron de hundirse, frente a un tablero ocupado por Emmanuel Macron (centro), Marine Le Pen (extrema derecha) y Jean-Luc M\u00e9lenchon (izquierda radical).<\/p>\n<p>Los dos \u00faltimos buscan ahora construir bloques en sus respectivos espacios pol\u00edticos para arrebatar la mayor\u00eda parlamentaria al centrista en las elecciones legislativas del 12 y 19 de junio y obligarlo a gobernar conjuntamente.<\/p>\n<p>Seg\u00fan los sondeos, m\u00e1s de la mitad de franceses quiere que Macron pierda su mayor\u00eda. La \u00faltima &#8220;cohabitaci\u00f3n&#8221; remonta al per\u00edodo de 1997 a 2002, cuando el conservador Jacques Chirac, nombr\u00f3 primer ministro al socialista Lionel Jospin.<\/p>\n<p>&nbsp;<\/p>\n<p><strong>Un &#8220;m\u00e9todo renovado&#8221; de gobierno<\/strong><\/p>\n<p>Consciente de la situaci\u00f3n pol\u00edtica y social, Emmanuel Macron prometi\u00f3 la noche de su elecci\u00f3n gobernar &#8220;para todos los franceses&#8221;, dar respuesta a la &#8220;rabia&#8221; de quienes votaron por Le Pen y se comprometi\u00f3 a adoptar un &#8220;m\u00e9todo renovado&#8221; de gobierno.<\/p>\n<p>Percibido como &#8220;presidente de los ricos&#8221; y &#8220;arrogante&#8221;, su primer mandato estuvo marcado por las protestas contra su pol\u00edtica hacia las clases populares, como la de los &#8220;chalecos amarillos&#8221;, y contra sus reformas, como su promesa estrella de atrasar la edad de jubilaci\u00f3n de 62 a 65 a\u00f1os.<\/p>\n","protected":false},"excerpt":{"rendered":"<p>Los comicios mostraron que se consolida tanto la polarizaci\u00f3n social como la desintegraci\u00f3n del modelo pol\u00edtico tradicional del pa\u00eds &nbsp; &nbsp; El presidente Emmanuel Macron logr\u00f3 su reelecci\u00f3n el domingo ante una extrema derecha en auge, en un balotaje que sac\u00f3 a relucir las fracturas de una Francia que el liberal deber\u00e1 ahora coser. A continuaci\u00f3n, las principales lecciones de una presidencial, en la que Macron se convirti\u00f3, con un 58,5% de votos, en el primer presidente en ser reelegido desde 2002 y Marine Le Pen, con un 40,5%, logr\u00f3&#8230;<\/p>\n","protected":false},"author":3,"featured_media":85338,"comment_status":"closed","ping_status":"closed","sticky":false,"template":"","format":"standard","meta":[],"categories":[4],"tags":[],"_links":{"self":[{"href":"https:\/\/www.actualidadadiario.com\/index.php\/wp-json\/wp\/v2\/posts\/85337"}],"collection":[{"href":"https:\/\/www.actualidadadiario.com\/index.php\/wp-json\/wp\/v2\/posts"}],"about":[{"href":"https:\/\/www.actualidadadiario.com\/index.php\/wp-json\/wp\/v2\/types\/post"}],"author":[{"embeddable":true,"href":"https:\/\/www.actualidadadiario.com\/index.php\/wp-json\/wp\/v2\/users\/3"}],"replies":[{"embeddable":true,"href":"https:\/\/www.actualidadadiario.com\/index.php\/wp-json\/wp\/v2\/comments?post=85337"}],"version-history":[{"count":1,"href":"https:\/\/www.actualidadadiario.com\/index.php\/wp-json\/wp\/v2\/posts\/85337\/revisions"}],"predecessor-version":[{"id":85339,"href":"https:\/\/www.actualidadadiario.com\/index.php\/wp-json\/wp\/v2\/posts\/85337\/revisions\/85339"}],"wp:featuredmedia":[{"embeddable":true,"href":"https:\/\/www.actualidadadiario.com\/index.php\/wp-json\/wp\/v2\/media\/85338"}],"wp:attachment":[{"href":"https:\/\/www.actualidadadiario.com\/index.php\/wp-json\/wp\/v2\/media?parent=85337"}],"wp:term":[{"taxonomy":"category","embeddable":true,"href":"https:\/\/www.actualidadadiario.com\/index.php\/wp-json\/wp\/v2\/categories?post=85337"},{"taxonomy":"post_tag","embeddable":true,"href":"https:\/\/www.actualidadadiario.com\/index.php\/wp-json\/wp\/v2\/tags?post=85337"}],"curies":[{"name":"wp","href":"https:\/\/api.w.org\/{rel}","templated":true}]}}