{"id":85330,"date":"2022-04-25T12:28:15","date_gmt":"2022-04-25T15:28:15","guid":{"rendered":"https:\/\/www.actualidadadiario.com\/?p=85330"},"modified":"2022-04-25T12:28:15","modified_gmt":"2022-04-25T15:28:15","slug":"renta-inesperada-reunion-clave-entre-el-gobierno-y-la-uia","status":"publish","type":"post","link":"https:\/\/www.actualidadadiario.com\/index.php\/2022\/04\/25\/renta-inesperada-reunion-clave-entre-el-gobierno-y-la-uia\/","title":{"rendered":"Renta inesperada: reuni\u00f3n clave entre el Gobierno y la UIA"},"content":{"rendered":"<p style=\"text-align: center;\"><em><strong>Desde las 16 el presidente Alberto Fern\u00e1ndez recibe en Casa Rosada a Daniel Funes de Rioja, titular de la entidad empresaria. Reclamos del sector productivo ante un nuevo impuesto en el marco de la escalada inflacionaria y acuerdos de salarios<\/strong><\/em><\/p>\n<p>&nbsp;<\/p>\n<p>&nbsp;<\/p>\n<p>El Gobierno y los empresarios se ver\u00e1n las caras para definir c\u00f3mo avanzar con la iniciativa del impuesto a las \u201cganancias inesperadas\u201d. El encuentro entre el presidente Alberto Fern\u00e1ndez y el titular de la Uni\u00f3n Industrial Argentina (UIA), Daniel Funes de Rioja, est\u00e1 programado para hoy a las 16. Intentar\u00e1n as\u00ed limar asperezas y llegar a un acuerdo para darle forma al proyecto del cobro de un impuesto por \u00fanica vez, en medio de la escalada de precios y aumentos.<\/p>\n<p>La semana pasada, el ministro de Econom\u00eda Mart\u00edn Guzm\u00e1n, plante\u00f3 la posibilidad de que las empresas con ganancias extraodinarias en el \u00faltimo tiempo, paguen un tributo sobre ese margen de rentabilidad, con el objetivo de solventar un bono a jubilados, pensionados, monotributistas y trabajadores informales, como medida para amortiguar los efectos de la inflaci\u00f3n.<\/p>\n<p>Desde el arco empresario pusieron el grito en el cielo, ante la idea del cobro de un nuevo impuesto. El sector empresario expres\u00f3 el rechazo a la medida y sali\u00f3 a cuestionar al Gobierno por la \u201casfixia\u201d impositiva del sector productivo. De este modo la reuni\u00f3n de hoy entre Alberto Fern\u00e1ndez y Daniel Funes de Rioja tendr\u00e1 como objetivo buscar puntos de consenso entre ambas propuestas y bajar el clima de tensi\u00f3n, en el marco del avance de paritarias y los aumentos de precios de alimentos.<\/p>\n<p>Se espera que en la reuni\u00f3n en Casa Rosada se hable acerca de los t\u00e9rminos, las condiciones y los alcances del gravamen a la renta inesperada. El Gobierno buscar\u00e1 detallar y aclarar a los empresarios cu\u00e1les son los par\u00e1metros de la medida y cu\u00e1les ser\u00edan los efectos sobre el sector privado.<\/p>\n<p>A diferencia de las \u00faltimas mesas que arm\u00f3 el Gobierno nacional, no habr\u00e1 presencia sindical. La Confederaci\u00f3n General del Trabajo (CGT) ser\u00e1 el gran ausente en el encuentro. En efecto, desde fines de marzo y hasta los primeros d\u00edas de abril, el Poder Ejecutivo auspici\u00f3 una serie de encuentros tripartitos para coordinar un plan de medidas que apuntan a controlar los precios y actualizar los salarios, en el marco de la aceleraci\u00f3n inflacionaria. Entre otras cosas, de esa ronda de reuniones sali\u00f3 la iniciativa de acelerar las negociaciones paritarias de sectores clave de la industria y la producci\u00f3n.<\/p>\n<p>La letra chica de la iniciativa de renta inesperada todav\u00eda no est\u00e1. Hasta el momento, Guzm\u00e1n indic\u00f3 que se apunta a las empresas que tuvieron ganancias netas superiores a $1.000 millones en el a\u00f1o, lo que deja un universo de entre 50 y 100 grandes empresas que se beneficiaron por la suba de precios de los commodities.<\/p>\n<p>El proyecto del ministro de Econom\u00eda apunta a lograr fuentes de financiamiento para cubrir paquetes de gasto social, como la ampliaci\u00f3n de la tarjeta Alimentar, el nuevo IFE y el bono a jubilados. Las metas fiscales se cumplieron en el primer trimestre del 2022, algo que el funcionario explicar\u00e1 en un informe ante el staff del FMI.<\/p>\n","protected":false},"excerpt":{"rendered":"<p>Desde las 16 el presidente Alberto Fern\u00e1ndez recibe en Casa Rosada a Daniel Funes de Rioja, titular de la entidad empresaria. Reclamos del sector productivo ante un nuevo impuesto en el marco de la escalada inflacionaria y acuerdos de salarios &nbsp; &nbsp; El Gobierno y los empresarios se ver\u00e1n las caras para definir c\u00f3mo avanzar con la iniciativa del impuesto a las \u201cganancias inesperadas\u201d. El encuentro entre el presidente Alberto Fern\u00e1ndez y el titular de la Uni\u00f3n Industrial Argentina (UIA), Daniel Funes de Rioja, est\u00e1 programado para hoy a las&#8230;<\/p>\n","protected":false},"author":3,"featured_media":85331,"comment_status":"closed","ping_status":"closed","sticky":false,"template":"","format":"standard","meta":[],"categories":[18],"tags":[],"_links":{"self":[{"href":"https:\/\/www.actualidadadiario.com\/index.php\/wp-json\/wp\/v2\/posts\/85330"}],"collection":[{"href":"https:\/\/www.actualidadadiario.com\/index.php\/wp-json\/wp\/v2\/posts"}],"about":[{"href":"https:\/\/www.actualidadadiario.com\/index.php\/wp-json\/wp\/v2\/types\/post"}],"author":[{"embeddable":true,"href":"https:\/\/www.actualidadadiario.com\/index.php\/wp-json\/wp\/v2\/users\/3"}],"replies":[{"embeddable":true,"href":"https:\/\/www.actualidadadiario.com\/index.php\/wp-json\/wp\/v2\/comments?post=85330"}],"version-history":[{"count":2,"href":"https:\/\/www.actualidadadiario.com\/index.php\/wp-json\/wp\/v2\/posts\/85330\/revisions"}],"predecessor-version":[{"id":85333,"href":"https:\/\/www.actualidadadiario.com\/index.php\/wp-json\/wp\/v2\/posts\/85330\/revisions\/85333"}],"wp:featuredmedia":[{"embeddable":true,"href":"https:\/\/www.actualidadadiario.com\/index.php\/wp-json\/wp\/v2\/media\/85331"}],"wp:attachment":[{"href":"https:\/\/www.actualidadadiario.com\/index.php\/wp-json\/wp\/v2\/media?parent=85330"}],"wp:term":[{"taxonomy":"category","embeddable":true,"href":"https:\/\/www.actualidadadiario.com\/index.php\/wp-json\/wp\/v2\/categories?post=85330"},{"taxonomy":"post_tag","embeddable":true,"href":"https:\/\/www.actualidadadiario.com\/index.php\/wp-json\/wp\/v2\/tags?post=85330"}],"curies":[{"name":"wp","href":"https:\/\/api.w.org\/{rel}","templated":true}]}}