{"id":85328,"date":"2022-04-25T12:27:22","date_gmt":"2022-04-25T15:27:22","guid":{"rendered":"https:\/\/www.actualidadadiario.com\/?p=85328"},"modified":"2022-04-25T12:27:22","modified_gmt":"2022-04-25T15:27:22","slug":"espionaje-a-familiares-del-ara-san-juan-la-querella-pedira-confirmar-el-procesamiento-de-macri","status":"publish","type":"post","link":"https:\/\/www.actualidadadiario.com\/index.php\/2022\/04\/25\/espionaje-a-familiares-del-ara-san-juan-la-querella-pedira-confirmar-el-procesamiento-de-macri\/","title":{"rendered":"Espionaje a familiares del ARA San Juan: la querella pedir\u00e1 confirmar el procesamiento de Macri"},"content":{"rendered":"<p style=\"text-align: center;\"><em><strong>En la causa por espionaje ilegal a los familiares de los 44 tripulantes fallecidos del submarino est\u00e1n procesados tambi\u00e9n los exresponsables de la AFI en el macrismo Gustavo Arribas y Silvia Majdalani, adem\u00e1s de exjer\u00e1rquicos del organismo de inteligencia como Diego Dalmau Pereyra y Mart\u00edn Coste, entre otros imputados<\/strong><\/em><\/p>\n<p>&nbsp;<\/p>\n<p>&nbsp;<\/p>\n<p>La querella mayoritaria en la causa por espionaje ilegal a familiares de los 44 tripulantes fallecidos en el hundimiento del submarino ARA San Juan pedir\u00e1 el martes pr\u00f3ximo a la C\u00e1mara Federal porte\u00f1a que confirme el procesamiento del expresidente Mauricio Macri.<\/p>\n<p>Lo har\u00e1 la abogada Valeria Carreras en una audiencia convocada por el Tribunal de Apelaciones y en la que expondr\u00e1 de manera oral a trav\u00e9s de Zoom, mientras que la defensa del expresidente anunci\u00f3 que presentar\u00e1 un escrito para pedir que se revoque el procesamiento.<\/p>\n<p>La audiencia ser\u00e1 ante los jueces Pablo Bertuzzi, Leopoldo Bruglia y Mariano Llorens, quienes luego quedar\u00e1n en condiciones de resolver si ratifican lo decidido en el caso por el juez federal interino de Dolores Mart\u00edn Bava, quien en diciembre pasado proces\u00f3 al exmandatario<\/p>\n<p>El martes se escuchar\u00e1n los argumentos de apelaci\u00f3n al procesamiento, embargo y prohibici\u00f3n de salida del pa\u00eds que rigen para el expresidente, quien sin embargo ya obtuvo permiso judicial para reiterados viajes al exterior.<\/p>\n<p>El mi\u00e9rcoles, en tanto, habr\u00e1 otra audiencia para tratar planteos de otros procesados en el caso y un recurso de la defensa de Macri por supuestas trabas para acceder a un legajo reservado en el caso.<\/p>\n<p>La semana pasada, Bertuzzi rechaz\u00f3 un pedido de la querella para apartar de la causa al actual juez federal de instrucci\u00f3n Juli\u00e1n Ercolini. El magistrado qued\u00f3 a cargo del caso en febrero \u00faltimo, cuando Bava remiti\u00f3 la causa desde Dolores a los tribunales federales de Comodoro Py.<\/p>\n<p>Al procesar a Macri, Bava sostuvo que &#8220;desde su cargo de Presidente de la Naci\u00f3n, por lo menos en el per\u00edodo comprendido entre el mes de diciembre del a\u00f1o 2017 y finales del a\u00f1o 2018, orden\u00f3 y posibilit\u00f3 la realizaci\u00f3n sistem\u00e1tica de tareas de inteligencia expresamente prohibidas por la ley 25.520 y sus modificatorias&#8221;.<\/p>\n<p>\u00c9stas habr\u00edan consistido en &#8220;obtenci\u00f3n de informaci\u00f3n, producci\u00f3n de inteligencia y almacenamiento de datos sobre personas, por su opini\u00f3n pol\u00edtica o su pertenencia a organizaciones partidarias, sociales, sindicales, comunitarias y de derechos humanos&#8221;.<\/p>\n<p>El exmandatario est\u00e1 tambi\u00e9n embargado por 100 millones de pesos y tiene prohibida la salida del pa\u00eds, pero hasta ahora se lo autoriz\u00f3 a viajar al exterior cada vez que pidi\u00f3 permiso en el juzgado de Ercolini.<\/p>\n<p>El 6 de diciembre pasado, el abogado defensor Pablo Lanusse apel\u00f3 el procesamiento de Macri ante la C\u00e1mara Federal de Mar del Plata, pero el Tribunal de Apelaciones remiti\u00f3 todo a Comodoro Py tras el pase de la causa al fuero federal de la ciudad de Buenos Aires.<\/p>\n<p>Al apelar el procesamiento al expresidente, el letrado sostuvo que Bava actu\u00f3 con &#8220;prejuzgamiento\u201d.<\/p>\n<p>En la causa por espionaje ilegal a los familiares de los 44 tripulantes fallecidos del submarino est\u00e1n procesados tambi\u00e9n los exresponsables de la AFI en el macrismo Gustavo Arribas y Silvia Majdalani, adem\u00e1s de otros exjer\u00e1rquicos del organismo de inteligencia como Diego Dalmau Pereyra y Mart\u00edn Coste, entre otros imputados.<\/p>\n<p>Seg\u00fan la investigaci\u00f3n, los actos de espionaje ilegal tuvieron como base la delegaci\u00f3n Mar del Plata de la AFI y ocurrieron desde diciembre de 2017 hasta el mismo mes de 2018.<\/p>\n","protected":false},"excerpt":{"rendered":"<p>En la causa por espionaje ilegal a los familiares de los 44 tripulantes fallecidos del submarino est\u00e1n procesados tambi\u00e9n los exresponsables de la AFI en el macrismo Gustavo Arribas y Silvia Majdalani, adem\u00e1s de exjer\u00e1rquicos del organismo de inteligencia como Diego Dalmau Pereyra y Mart\u00edn Coste, entre otros imputados &nbsp; &nbsp; La querella mayoritaria en la causa por espionaje ilegal a familiares de los 44 tripulantes fallecidos en el hundimiento del submarino ARA San Juan pedir\u00e1 el martes pr\u00f3ximo a la C\u00e1mara Federal porte\u00f1a que confirme el procesamiento del expresidente&#8230;<\/p>\n","protected":false},"author":3,"featured_media":73177,"comment_status":"closed","ping_status":"closed","sticky":false,"template":"","format":"standard","meta":[],"categories":[18],"tags":[],"_links":{"self":[{"href":"https:\/\/www.actualidadadiario.com\/index.php\/wp-json\/wp\/v2\/posts\/85328"}],"collection":[{"href":"https:\/\/www.actualidadadiario.com\/index.php\/wp-json\/wp\/v2\/posts"}],"about":[{"href":"https:\/\/www.actualidadadiario.com\/index.php\/wp-json\/wp\/v2\/types\/post"}],"author":[{"embeddable":true,"href":"https:\/\/www.actualidadadiario.com\/index.php\/wp-json\/wp\/v2\/users\/3"}],"replies":[{"embeddable":true,"href":"https:\/\/www.actualidadadiario.com\/index.php\/wp-json\/wp\/v2\/comments?post=85328"}],"version-history":[{"count":1,"href":"https:\/\/www.actualidadadiario.com\/index.php\/wp-json\/wp\/v2\/posts\/85328\/revisions"}],"predecessor-version":[{"id":85329,"href":"https:\/\/www.actualidadadiario.com\/index.php\/wp-json\/wp\/v2\/posts\/85328\/revisions\/85329"}],"wp:featuredmedia":[{"embeddable":true,"href":"https:\/\/www.actualidadadiario.com\/index.php\/wp-json\/wp\/v2\/media\/73177"}],"wp:attachment":[{"href":"https:\/\/www.actualidadadiario.com\/index.php\/wp-json\/wp\/v2\/media?parent=85328"}],"wp:term":[{"taxonomy":"category","embeddable":true,"href":"https:\/\/www.actualidadadiario.com\/index.php\/wp-json\/wp\/v2\/categories?post=85328"},{"taxonomy":"post_tag","embeddable":true,"href":"https:\/\/www.actualidadadiario.com\/index.php\/wp-json\/wp\/v2\/tags?post=85328"}],"curies":[{"name":"wp","href":"https:\/\/api.w.org\/{rel}","templated":true}]}}