{"id":85325,"date":"2022-04-25T12:26:30","date_gmt":"2022-04-25T15:26:30","guid":{"rendered":"https:\/\/www.actualidadadiario.com\/?p=85325"},"modified":"2022-04-25T12:26:30","modified_gmt":"2022-04-25T15:26:30","slug":"wado-de-pedro-quiere-una-mesa-de-gobernadores-para-gestionar-recursos-hidricos","status":"publish","type":"post","link":"https:\/\/www.actualidadadiario.com\/index.php\/2022\/04\/25\/wado-de-pedro-quiere-una-mesa-de-gobernadores-para-gestionar-recursos-hidricos\/","title":{"rendered":"Wado De Pedro quiere una mesa de gobernadores para gestionar recursos h\u00eddricos"},"content":{"rendered":"<p style=\"text-align: center;\"><em><strong>Funcionarios reconocieron que la principal dificultad para llegar a un acuerdo global es el conflicto que mantienen La Pampa y Mendoza por el Rio Atuel<\/strong><\/em><\/p>\n<p>&nbsp;<\/p>\n<p>&nbsp;<\/p>\n<p>El ministerio del Interior buscara apoyo pol\u00edtico para materializar un proyecto de gesti\u00f3n nacional de los recursos h\u00eddricos, seg\u00fan anuncio esta ma\u00f1ana en Israel el titular de esa cartera, Eduardo Wado de Pedro.<\/p>\n<p>El funcionario, gobernadores y el ministro de Agricultura, Juli\u00e1n Dom\u00ednguez participaron hoy de una presentaci\u00f3n a cargo de Diego Berger, directivo de la planta Eshkol de Mekorot, al norte de este pa\u00eds.<\/p>\n<p>El proyecto que mencion\u00f3 De Pedro comenz\u00f3 a trabajarse hace m\u00e1s de un a\u00f1o, sobre la base de las\u00a0 experiencias de gesti\u00f3n del agua de Israel, Australia y Estados Unidos.<\/p>\n<p>&#8220;La idea es generar una mesa de gobernadores y consensuar las soluciones&#8221; dijo De Pedro.<\/p>\n","protected":false},"excerpt":{"rendered":"<p>Funcionarios reconocieron que la principal dificultad para llegar a un acuerdo global es el conflicto que mantienen La Pampa y Mendoza por el Rio Atuel &nbsp; &nbsp; El ministerio del Interior buscara apoyo pol\u00edtico para materializar un proyecto de gesti\u00f3n nacional de los recursos h\u00eddricos, seg\u00fan anuncio esta ma\u00f1ana en Israel el titular de esa cartera, Eduardo Wado de Pedro. El funcionario, gobernadores y el ministro de Agricultura, Juli\u00e1n Dom\u00ednguez participaron hoy de una presentaci\u00f3n a cargo de Diego Berger, directivo de la planta Eshkol de Mekorot, al norte de&#8230;<\/p>\n","protected":false},"author":3,"featured_media":85326,"comment_status":"closed","ping_status":"closed","sticky":false,"template":"","format":"standard","meta":[],"categories":[18],"tags":[],"_links":{"self":[{"href":"https:\/\/www.actualidadadiario.com\/index.php\/wp-json\/wp\/v2\/posts\/85325"}],"collection":[{"href":"https:\/\/www.actualidadadiario.com\/index.php\/wp-json\/wp\/v2\/posts"}],"about":[{"href":"https:\/\/www.actualidadadiario.com\/index.php\/wp-json\/wp\/v2\/types\/post"}],"author":[{"embeddable":true,"href":"https:\/\/www.actualidadadiario.com\/index.php\/wp-json\/wp\/v2\/users\/3"}],"replies":[{"embeddable":true,"href":"https:\/\/www.actualidadadiario.com\/index.php\/wp-json\/wp\/v2\/comments?post=85325"}],"version-history":[{"count":1,"href":"https:\/\/www.actualidadadiario.com\/index.php\/wp-json\/wp\/v2\/posts\/85325\/revisions"}],"predecessor-version":[{"id":85327,"href":"https:\/\/www.actualidadadiario.com\/index.php\/wp-json\/wp\/v2\/posts\/85325\/revisions\/85327"}],"wp:featuredmedia":[{"embeddable":true,"href":"https:\/\/www.actualidadadiario.com\/index.php\/wp-json\/wp\/v2\/media\/85326"}],"wp:attachment":[{"href":"https:\/\/www.actualidadadiario.com\/index.php\/wp-json\/wp\/v2\/media?parent=85325"}],"wp:term":[{"taxonomy":"category","embeddable":true,"href":"https:\/\/www.actualidadadiario.com\/index.php\/wp-json\/wp\/v2\/categories?post=85325"},{"taxonomy":"post_tag","embeddable":true,"href":"https:\/\/www.actualidadadiario.com\/index.php\/wp-json\/wp\/v2\/tags?post=85325"}],"curies":[{"name":"wp","href":"https:\/\/api.w.org\/{rel}","templated":true}]}}