{"id":85322,"date":"2022-04-25T12:25:46","date_gmt":"2022-04-25T15:25:46","guid":{"rendered":"https:\/\/www.actualidadadiario.com\/?p=85322"},"modified":"2022-04-25T12:25:46","modified_gmt":"2022-04-25T15:25:46","slug":"el-presidente-presenta-la-estrategia-nacional-de-salud-mental","status":"publish","type":"post","link":"https:\/\/www.actualidadadiario.com\/index.php\/2022\/04\/25\/el-presidente-presenta-la-estrategia-nacional-de-salud-mental\/","title":{"rendered":"El Presidente presenta la Estrategia Nacional de Salud Mental"},"content":{"rendered":"<p style=\"text-align: center;\"><em><strong>La iniciativa sanitaria busca &#8220;garantizar el cuidado y la atenci\u00f3n de la salud mental en todas las etapas de la vida&#8221; e incrementar la capacitaci\u00f3n de recursos en el \u00e1rea, se inform\u00f3 oficialmente<\/strong><\/em><\/p>\n<p>&nbsp;<\/p>\n<p>&nbsp;<\/p>\n<p>El presidente Alberto Fern\u00e1ndez encabeza este mediod\u00eda la presentaci\u00f3n de la Estrategia Nacional de Salud Mental en un hospital del barrio porte\u00f1o de Parque Patricios.<\/p>\n<p>El jefe de Estado tiene previsto poner en marcha la Estrategia Nacional que buscar\u00e1 &#8220;garantizar el cuidado y la atenci\u00f3n de la salud mental en todas las etapas de la vida, adem\u00e1s de incrementar la capacitaci\u00f3n de recursos humanos en el \u00e1rea y proveer dispositivos para la externaci\u00f3n y la inserci\u00f3n laboral&#8221;.<\/p>\n<p>La actividad se realiza en el Hospital Nacional Laura Bonaparte de Parque Patricios, donde adem\u00e1s se inaugurar\u00e1 el Servicio de Ni\u00f1eces y Adolescencias del centro asistencial.<\/p>\n<p>&#8220;La iniciativa tiene como prioridad articular una serie de pol\u00edticas en el marco del sistema sanitario nacional, con base en una perspectiva de derechos, comunitaria y libre de violencias, y desde el respeto a las diversidades. La misma se apoyar\u00e1 en l\u00edneas espec\u00edficas que incluir\u00e1n el fomento de actividades de prevenci\u00f3n, la promoci\u00f3n de tratamientos espec\u00edficos de calidad, y la mejora en la calidad y el acceso a la atenci\u00f3n primaria&#8221;, se inform\u00f3 oficialmente.<\/p>\n<p>Desde el Ministerio de Salud se ampliar\u00e1 el sistema de la red asistencial por telemedicina para garantizar la realizaci\u00f3n de interconsultas profesionales en el abordaje de casos complejos, se incorporar\u00e1n 12 nuevas residencias interdisciplinarias en salud mental y se crear\u00e1 la Diplomatura en Salud Mental Comunitaria, entre otros.<\/p>\n","protected":false},"excerpt":{"rendered":"<p>La iniciativa sanitaria busca &#8220;garantizar el cuidado y la atenci\u00f3n de la salud mental en todas las etapas de la vida&#8221; e incrementar la capacitaci\u00f3n de recursos en el \u00e1rea, se inform\u00f3 oficialmente &nbsp; &nbsp; El presidente Alberto Fern\u00e1ndez encabeza este mediod\u00eda la presentaci\u00f3n de la Estrategia Nacional de Salud Mental en un hospital del barrio porte\u00f1o de Parque Patricios. El jefe de Estado tiene previsto poner en marcha la Estrategia Nacional que buscar\u00e1 &#8220;garantizar el cuidado y la atenci\u00f3n de la salud mental en todas las etapas de la&#8230;<\/p>\n","protected":false},"author":3,"featured_media":85323,"comment_status":"closed","ping_status":"closed","sticky":false,"template":"","format":"standard","meta":[],"categories":[18],"tags":[],"_links":{"self":[{"href":"https:\/\/www.actualidadadiario.com\/index.php\/wp-json\/wp\/v2\/posts\/85322"}],"collection":[{"href":"https:\/\/www.actualidadadiario.com\/index.php\/wp-json\/wp\/v2\/posts"}],"about":[{"href":"https:\/\/www.actualidadadiario.com\/index.php\/wp-json\/wp\/v2\/types\/post"}],"author":[{"embeddable":true,"href":"https:\/\/www.actualidadadiario.com\/index.php\/wp-json\/wp\/v2\/users\/3"}],"replies":[{"embeddable":true,"href":"https:\/\/www.actualidadadiario.com\/index.php\/wp-json\/wp\/v2\/comments?post=85322"}],"version-history":[{"count":1,"href":"https:\/\/www.actualidadadiario.com\/index.php\/wp-json\/wp\/v2\/posts\/85322\/revisions"}],"predecessor-version":[{"id":85324,"href":"https:\/\/www.actualidadadiario.com\/index.php\/wp-json\/wp\/v2\/posts\/85322\/revisions\/85324"}],"wp:featuredmedia":[{"embeddable":true,"href":"https:\/\/www.actualidadadiario.com\/index.php\/wp-json\/wp\/v2\/media\/85323"}],"wp:attachment":[{"href":"https:\/\/www.actualidadadiario.com\/index.php\/wp-json\/wp\/v2\/media?parent=85322"}],"wp:term":[{"taxonomy":"category","embeddable":true,"href":"https:\/\/www.actualidadadiario.com\/index.php\/wp-json\/wp\/v2\/categories?post=85322"},{"taxonomy":"post_tag","embeddable":true,"href":"https:\/\/www.actualidadadiario.com\/index.php\/wp-json\/wp\/v2\/tags?post=85322"}],"curies":[{"name":"wp","href":"https:\/\/api.w.org\/{rel}","templated":true}]}}