{"id":85320,"date":"2022-04-25T12:25:03","date_gmt":"2022-04-25T15:25:03","guid":{"rendered":"https:\/\/www.actualidadadiario.com\/?p=85320"},"modified":"2022-04-25T12:25:03","modified_gmt":"2022-04-25T15:25:03","slug":"el-pueblo-no-se-equivoco-cuando-nos-votaron-en-contra-gerardo-morales-disparo-contra-juntos","status":"publish","type":"post","link":"https:\/\/www.actualidadadiario.com\/index.php\/2022\/04\/25\/el-pueblo-no-se-equivoco-cuando-nos-votaron-en-contra-gerardo-morales-disparo-contra-juntos\/","title":{"rendered":"\u00abEl pueblo no se equivoc\u00f3 cuando nos votaron en contra\u00bb: Gerardo Morales dispar\u00f3 contra Juntos"},"content":{"rendered":"<p style=\"text-align: center;\"><em><strong>Gerardo Morales nuevamente tuvo declaraciones fuertes contra su propia coalici\u00f3n de Juntos por el Cambio<\/strong><\/em><\/p>\n<p>&nbsp;<\/p>\n<p>&nbsp;<\/p>\n<p>Gerardo Morales nuevamente tuvo declaraciones fuertes contra su propia coalici\u00f3n de Juntos por el Cambio. El gobernador de Jujuy fue cr\u00edtico y sincer\u00f3 con lo sucedido en las elecciones presidenciales del 2015. Al mismo tiempo rechaz\u00f3 nuevamente la posible incorporaci\u00f3n de Javier Milei al partido opositor con m\u00e1s fuerza y le dej\u00f3 un mensaje al radicalismo.<\/p>\n<p>El mandam\u00e1s provincial estuvo presente este fin de semana en Villa Giardino, C\u00f3rdoba. All\u00ed habl\u00f3 de la pol\u00edtica actual, futura y pasada. Al momento de referirse a Juntos por el Cambio, Morales no fue muy \u00abamigable\u00bb. Como lo viene realizando hace algunos meses, el juje\u00f1o parece querer despegarse de algunas figuras \u00abextremas\u00bb de la coalici\u00f3n que est\u00e1 conformado por varias fuerzas pol\u00edticas, entre ellas la UCR.<\/p>\n<p>\u00abLa l\u00f3gica que el radicalismo tiene que tener en todo el pa\u00eds es tener candidatos, trabajar desde ese lugar en Juntos por el Cambio, consolidar Juntos por el Cambio, dar un debate que hay que dar sobre la cuesti\u00f3n federal. Fundamentalmente, sobre la cuesti\u00f3n del programa econ\u00f3mico\u201d, explic\u00f3 el gobernador.<\/p>\n<p>Aunque su intenci\u00f3n fue siempre diferenciarse con el \u00abPRO\u00bb y los \u00abhalcones\u00bb, Morales tambi\u00e9n quiso poner pa\u00f1os fr\u00edos a la interna dentro de la oposici\u00f3n: \u201cVamos a bajar los decibeles de la pelea. Obviamente, ten\u00eda que haber alg\u00fan ruido, porque hasta ahora ten\u00edamos un rol secundario, y no nos lo merec\u00edamos\u201d, pronunci\u00f3. Pese a reconocer que no hay que dividirse, insisti\u00f3 en algunas cr\u00edticas.<\/p>\n<p>\u201cNo es que el pueblo se equivoc\u00f3 cuando nos vot\u00f3 en contra\u201d, subray\u00f3 el l\u00edder de La Uni\u00f3n C\u00edvica Radical. Por \u00faltimo tuvo palabras contra Javier Milei aunque sin querer nombrarlo: Hay personajes que por izquierda o derecha generan opciones antidemocr\u00e1ticas y generan una moda de la que muchos de la pol\u00edtica se prenden, esa moda derechizante, hueca, que plantea desde la eliminaci\u00f3n del Banco Central hasta la dolarizaci\u00f3n\u00ab, concluy\u00f3.<\/p>\n","protected":false},"excerpt":{"rendered":"<p>Gerardo Morales nuevamente tuvo declaraciones fuertes contra su propia coalici\u00f3n de Juntos por el Cambio &nbsp; &nbsp; Gerardo Morales nuevamente tuvo declaraciones fuertes contra su propia coalici\u00f3n de Juntos por el Cambio. El gobernador de Jujuy fue cr\u00edtico y sincer\u00f3 con lo sucedido en las elecciones presidenciales del 2015. Al mismo tiempo rechaz\u00f3 nuevamente la posible incorporaci\u00f3n de Javier Milei al partido opositor con m\u00e1s fuerza y le dej\u00f3 un mensaje al radicalismo. El mandam\u00e1s provincial estuvo presente este fin de semana en Villa Giardino, C\u00f3rdoba. All\u00ed habl\u00f3 de la&#8230;<\/p>\n","protected":false},"author":3,"featured_media":41511,"comment_status":"closed","ping_status":"closed","sticky":false,"template":"","format":"standard","meta":[],"categories":[18],"tags":[],"_links":{"self":[{"href":"https:\/\/www.actualidadadiario.com\/index.php\/wp-json\/wp\/v2\/posts\/85320"}],"collection":[{"href":"https:\/\/www.actualidadadiario.com\/index.php\/wp-json\/wp\/v2\/posts"}],"about":[{"href":"https:\/\/www.actualidadadiario.com\/index.php\/wp-json\/wp\/v2\/types\/post"}],"author":[{"embeddable":true,"href":"https:\/\/www.actualidadadiario.com\/index.php\/wp-json\/wp\/v2\/users\/3"}],"replies":[{"embeddable":true,"href":"https:\/\/www.actualidadadiario.com\/index.php\/wp-json\/wp\/v2\/comments?post=85320"}],"version-history":[{"count":1,"href":"https:\/\/www.actualidadadiario.com\/index.php\/wp-json\/wp\/v2\/posts\/85320\/revisions"}],"predecessor-version":[{"id":85321,"href":"https:\/\/www.actualidadadiario.com\/index.php\/wp-json\/wp\/v2\/posts\/85320\/revisions\/85321"}],"wp:featuredmedia":[{"embeddable":true,"href":"https:\/\/www.actualidadadiario.com\/index.php\/wp-json\/wp\/v2\/media\/41511"}],"wp:attachment":[{"href":"https:\/\/www.actualidadadiario.com\/index.php\/wp-json\/wp\/v2\/media?parent=85320"}],"wp:term":[{"taxonomy":"category","embeddable":true,"href":"https:\/\/www.actualidadadiario.com\/index.php\/wp-json\/wp\/v2\/categories?post=85320"},{"taxonomy":"post_tag","embeddable":true,"href":"https:\/\/www.actualidadadiario.com\/index.php\/wp-json\/wp\/v2\/tags?post=85320"}],"curies":[{"name":"wp","href":"https:\/\/api.w.org\/{rel}","templated":true}]}}