{"id":85318,"date":"2022-04-25T12:24:12","date_gmt":"2022-04-25T15:24:12","guid":{"rendered":"https:\/\/www.actualidadadiario.com\/?p=85318"},"modified":"2022-04-25T12:24:12","modified_gmt":"2022-04-25T15:24:12","slug":"cristina-kirchner-destrozo-a-clarin-y-destaco-que-redistribuir-la-riqueza-no-perjudica-las-inversiones","status":"publish","type":"post","link":"https:\/\/www.actualidadadiario.com\/index.php\/2022\/04\/25\/cristina-kirchner-destrozo-a-clarin-y-destaco-que-redistribuir-la-riqueza-no-perjudica-las-inversiones\/","title":{"rendered":"Cristina Kirchner destroz\u00f3 a Clar\u00edn y destac\u00f3 que redistribuir la riqueza no perjudica las inversiones"},"content":{"rendered":"<p style=\"text-align: center;\"><em><strong>La Vicepresidenta apunt\u00f3 contra la falta de &#8220;creatividad&#8221; del director ejecutivo del Grupo Clar\u00edn, H\u00e9ctor Magnetto, en relaci\u00f3n a las cinco portadas que salieron publicadas la semana pasada. &#8220;Se nota mucho, muchachos&#8221;, expres\u00f3<\/strong><\/em><\/p>\n<p>&nbsp;<\/p>\n<p>&nbsp;<\/p>\n<p>La vicepresidenta Cristina Fern\u00e1ndez de Kirchner apunt\u00f3 contra la falta de &#8220;creatividad&#8221; del director ejecutivo del Grupo Clar\u00edn, H\u00e9ctor Magnetto, en relaci\u00f3n a las cinco portadas que salieron publicadas la semana pasada en que la mencionan.<\/p>\n<p>&#8220;Quiero compartir este video que vi hoy en redes. La verdad que esta semana H\u00e9ctor no estuvo muy creativo en Clar\u00edn&#8221;, comenz\u00f3 el tweet de Cristina Fern\u00e1ndez de Kirchner al que acompa\u00f1\u00f3 con un video recopilatorio de todas las tapas de la semana que public\u00f3 el medio.<\/p>\n<p>El video muestra las tapas del lunes, martes, jueves, viernes y domingo, resaltando en amarillo el nombre &#8220;Cristina&#8221;, y al final subraya: &#8220;5 tapas en 7 d\u00edas. Se nota mucho, muchachos&#8221;.<\/p>\n<p>&#8220;Aclaro que fue (H\u00e9ctor) Magnetto el que nos cont\u00f3 en Olivos que lo \u00fanico que &#8216;miraba&#8217; antes de que se imprima el diario, era la tapa. \u00bfPasar\u00e1n el vide\u00edto por TN?&#8221;, cruz\u00f3 la Vicepresidenta al director ejecutivo del Grupo Clar\u00edn.<\/p>\n<p>En paralelo, recomend\u00f3 una nota sobre la redistribuci\u00f3n de la riqueza a la que catalog\u00f3 como &#8220;excelente&#8221;. &#8220;Brinda argumentos con datos, estad\u00edsticas y sin adjetivaciones ni slogans: o sea con la responsabilidad con la que todos y todas tenemos que encarar los problemas de nuestro pa\u00eds&#8221;, concluy\u00f3.<\/p>\n","protected":false},"excerpt":{"rendered":"<p>La Vicepresidenta apunt\u00f3 contra la falta de &#8220;creatividad&#8221; del director ejecutivo del Grupo Clar\u00edn, H\u00e9ctor Magnetto, en relaci\u00f3n a las cinco portadas que salieron publicadas la semana pasada. &#8220;Se nota mucho, muchachos&#8221;, expres\u00f3 &nbsp; &nbsp; La vicepresidenta Cristina Fern\u00e1ndez de Kirchner apunt\u00f3 contra la falta de &#8220;creatividad&#8221; del director ejecutivo del Grupo Clar\u00edn, H\u00e9ctor Magnetto, en relaci\u00f3n a las cinco portadas que salieron publicadas la semana pasada en que la mencionan. &#8220;Quiero compartir este video que vi hoy en redes. La verdad que esta semana H\u00e9ctor no estuvo muy creativo&#8230;<\/p>\n","protected":false},"author":3,"featured_media":78682,"comment_status":"closed","ping_status":"closed","sticky":false,"template":"","format":"standard","meta":[],"categories":[18],"tags":[],"_links":{"self":[{"href":"https:\/\/www.actualidadadiario.com\/index.php\/wp-json\/wp\/v2\/posts\/85318"}],"collection":[{"href":"https:\/\/www.actualidadadiario.com\/index.php\/wp-json\/wp\/v2\/posts"}],"about":[{"href":"https:\/\/www.actualidadadiario.com\/index.php\/wp-json\/wp\/v2\/types\/post"}],"author":[{"embeddable":true,"href":"https:\/\/www.actualidadadiario.com\/index.php\/wp-json\/wp\/v2\/users\/3"}],"replies":[{"embeddable":true,"href":"https:\/\/www.actualidadadiario.com\/index.php\/wp-json\/wp\/v2\/comments?post=85318"}],"version-history":[{"count":1,"href":"https:\/\/www.actualidadadiario.com\/index.php\/wp-json\/wp\/v2\/posts\/85318\/revisions"}],"predecessor-version":[{"id":85319,"href":"https:\/\/www.actualidadadiario.com\/index.php\/wp-json\/wp\/v2\/posts\/85318\/revisions\/85319"}],"wp:featuredmedia":[{"embeddable":true,"href":"https:\/\/www.actualidadadiario.com\/index.php\/wp-json\/wp\/v2\/media\/78682"}],"wp:attachment":[{"href":"https:\/\/www.actualidadadiario.com\/index.php\/wp-json\/wp\/v2\/media?parent=85318"}],"wp:term":[{"taxonomy":"category","embeddable":true,"href":"https:\/\/www.actualidadadiario.com\/index.php\/wp-json\/wp\/v2\/categories?post=85318"},{"taxonomy":"post_tag","embeddable":true,"href":"https:\/\/www.actualidadadiario.com\/index.php\/wp-json\/wp\/v2\/tags?post=85318"}],"curies":[{"name":"wp","href":"https:\/\/api.w.org\/{rel}","templated":true}]}}