{"id":85315,"date":"2022-04-25T12:23:18","date_gmt":"2022-04-25T15:23:18","guid":{"rendered":"https:\/\/www.actualidadadiario.com\/?p=85315"},"modified":"2022-04-25T12:23:18","modified_gmt":"2022-04-25T15:23:18","slug":"congreso-senado-debate-sobre-el-numero-de-la-corte-suprema-y-diputados-reactiva-comisiones","status":"publish","type":"post","link":"https:\/\/www.actualidadadiario.com\/index.php\/2022\/04\/25\/congreso-senado-debate-sobre-el-numero-de-la-corte-suprema-y-diputados-reactiva-comisiones\/","title":{"rendered":"Congreso: Senado debate sobre el n\u00famero de la Corte Suprema y Diputados reactiva comisiones"},"content":{"rendered":"<p style=\"text-align: center;\"><em><strong>La C\u00e1mara alta iniciar\u00e1 pasado ma\u00f1ana la discusi\u00f3n y a propuesta del cristinismo, que quiere aumentar los integrantes del m\u00e1ximo tribunal de Justicia y licuar el poder actual. En tanto, la C\u00e1mara baja busca salir del bloqueo y reorganizar su agenda<\/strong><\/em><\/p>\n<p>&nbsp;<\/p>\n<p>&nbsp;<\/p>\n<p>Tras la furiosa semana de discusi\u00f3n sobre el Consejo de la Magistratura, el Congreso volver\u00e1 a tener d\u00edas cargados de tensi\u00f3n gracias al Senado, que comenzar\u00e1 a debatir una eventual aumento de los integrantes de la Corte Suprema de Justicia. En tanto, y con el pie levantado del acelerador salvo excepciones -como el acuerdo con el Fondo Monetario Internacional-, Diputados reci\u00e9n constituir\u00e1 un combo de comisiones para intentar reactivar la labor legislativa.<\/p>\n<p>El jueves pasado, un sector del Frente de Todos en la C\u00e1mara alta desliz\u00f3 las intenciones el cristinismo en cuanto a iniciar la discusi\u00f3n sobre la Corte para licuar el poder de sus actuales miembros y, en particular, del titular de la misma, Horacio Rosatti, flamante comandante del Consejo de la Magistratura. Ser\u00e1n encargadas del debate de pasado ma\u00f1ana la comisi\u00f3n de Asuntos Constitucionales, a cargo del kirchnerista Guillermo Snopek, aunque podr\u00eda sumarse la de Justicia, que maneja Oscar Parrilli, mano ejecutora de las decisiones pol\u00edticas de Cristina de Kirchner.<\/p>\n<p>La ley en vigencia, aprobada en 2006, establece que la Corte est\u00e9 conformada por cinco jueces. En la actualidad, el tribunal est\u00e1 integrado por cuatro magistrados: Rosatti, Carlos Rosenkrantz, Juan Carlos Maqueda y Ricardo Lorenzetti, ya que la exmagistrada Elena Highton de Nolasco renunci\u00f3 a su cargo en octubre de 2021, y su reemplazante hasta ahora no fue designado. De hecho, el Ejecutivo durmi\u00f3 la postulaci\u00f3n y nunca la envi\u00f3 al Congreso. Tambi\u00e9n est\u00e1 frenado el pliego que propone a Daniel Rafecas como procurador general, es decir, jefe de los fiscales. La comisi\u00f3n de Acuerdos, que preside la ultra Anabel Fern\u00e1ndez Sagasti, no emite sonido sobre este tema.<\/p>\n<p>El \u00faltimo proyecto relacionado con la Corte fue presentado en 2020 por el puntano Adolfo Rodr\u00edguez Sa\u00e1. Si bien perdi\u00f3 estado parlamentario, desde el oficialismo expresaron que volver\u00e1 a impulsarlo para sumarlo al debate. La iniciativa ampl\u00eda el n\u00famero de integrantes a nueve, por lo que se retomar\u00eda la composici\u00f3n original del m\u00e1ximo tribunal de Justicia. Seg\u00fan el articulado, la Corte deber\u00e1 reflejar \u201clas diversidades de g\u00e9nero, especialidad y procedencia regional en el marco del ideal de representaci\u00f3n de un pa\u00eds federal\u201d.<\/p>\n<p>El \u00fanico proyecto vigente es el de Clara Vega, que apunta a respetar \u201cla paridad de g\u00e9nero entre hombres y mujeres, diferentes especialidades de sus miembros y distinta procedencia geogr\u00e1fica en el marco de un pa\u00eds federal\u201d. No obstante, podr\u00eda sumarse otro texto en los pr\u00f3ximos d\u00edas, que apuntar\u00eda a aumentar los miembros a 10 o incluso m\u00e1s.<\/p>\n<p>La discusi\u00f3n en ciernes se dar\u00e1 en medio de manejos desprolijos desde el Frente de Todos, interbloque que comanda el formose\u00f1o Jos\u00e9 Mayans, fiel defensor del gobernador Gildo Insfr\u00e1n. En la previa del fin de semana \u00faltimo, y luego de las modificaciones que sufri\u00f3 el dictamen del proyecto para pagarle la deuda al Fondo Monetario Internacional con fondos \u201cfugados\u201d al exterior, el oficialismo comenz\u00f3 a dar de baja la iniciativa sobre el secreto bancario, despu\u00e9s de las advertencias de organismos financieros y del mercado sobre la delicadeza del tema y consecuencias de dif\u00edcil medici\u00f3n.<\/p>\n<p>&nbsp;<\/p>\n<p><strong>Diputados<\/strong><\/p>\n<p>El clima en la C\u00e1mara baja es m\u00e1s fr\u00e1gil que en el Senado, ya que el Frente de Todos no tiene mayor\u00eda propia y est\u00e1 casi empatado con Juntos por el Cambio. Bajo este panorama, las comisiones quedaron bloqueadas y reci\u00e9n se constituir\u00e1 un combo en los pr\u00f3ximos d\u00edas. No obstante, ninguna de las involucradas analizar\u00e1 iniciativas de fondo.<\/p>\n<p>Por caso, la de Industria quedar\u00e1 para el oficialista Marcelo Casaretto, quien d\u00edas atr\u00e1s le pidi\u00f3 a un juez de Entre R\u00edos frenar la designaci\u00f3n de los representantes legislativos en el Consejo de la Magistratura. Esa pelea ahora se traslad\u00f3 al jefe kirchnerista, Germ\u00e1n Mart\u00ednez, quien hizo una presentaci\u00f3n contra su compa\u00f1ero de bloque y presidente de Diputados, Sergio Massa.<\/p>\n","protected":false},"excerpt":{"rendered":"<p>La C\u00e1mara alta iniciar\u00e1 pasado ma\u00f1ana la discusi\u00f3n y a propuesta del cristinismo, que quiere aumentar los integrantes del m\u00e1ximo tribunal de Justicia y licuar el poder actual. En tanto, la C\u00e1mara baja busca salir del bloqueo y reorganizar su agenda &nbsp; &nbsp; Tras la furiosa semana de discusi\u00f3n sobre el Consejo de la Magistratura, el Congreso volver\u00e1 a tener d\u00edas cargados de tensi\u00f3n gracias al Senado, que comenzar\u00e1 a debatir una eventual aumento de los integrantes de la Corte Suprema de Justicia. En tanto, y con el pie levantado&#8230;<\/p>\n","protected":false},"author":3,"featured_media":85316,"comment_status":"closed","ping_status":"closed","sticky":false,"template":"","format":"standard","meta":[],"categories":[9],"tags":[],"_links":{"self":[{"href":"https:\/\/www.actualidadadiario.com\/index.php\/wp-json\/wp\/v2\/posts\/85315"}],"collection":[{"href":"https:\/\/www.actualidadadiario.com\/index.php\/wp-json\/wp\/v2\/posts"}],"about":[{"href":"https:\/\/www.actualidadadiario.com\/index.php\/wp-json\/wp\/v2\/types\/post"}],"author":[{"embeddable":true,"href":"https:\/\/www.actualidadadiario.com\/index.php\/wp-json\/wp\/v2\/users\/3"}],"replies":[{"embeddable":true,"href":"https:\/\/www.actualidadadiario.com\/index.php\/wp-json\/wp\/v2\/comments?post=85315"}],"version-history":[{"count":1,"href":"https:\/\/www.actualidadadiario.com\/index.php\/wp-json\/wp\/v2\/posts\/85315\/revisions"}],"predecessor-version":[{"id":85317,"href":"https:\/\/www.actualidadadiario.com\/index.php\/wp-json\/wp\/v2\/posts\/85315\/revisions\/85317"}],"wp:featuredmedia":[{"embeddable":true,"href":"https:\/\/www.actualidadadiario.com\/index.php\/wp-json\/wp\/v2\/media\/85316"}],"wp:attachment":[{"href":"https:\/\/www.actualidadadiario.com\/index.php\/wp-json\/wp\/v2\/media?parent=85315"}],"wp:term":[{"taxonomy":"category","embeddable":true,"href":"https:\/\/www.actualidadadiario.com\/index.php\/wp-json\/wp\/v2\/categories?post=85315"},{"taxonomy":"post_tag","embeddable":true,"href":"https:\/\/www.actualidadadiario.com\/index.php\/wp-json\/wp\/v2\/tags?post=85315"}],"curies":[{"name":"wp","href":"https:\/\/api.w.org\/{rel}","templated":true}]}}