{"id":85299,"date":"2022-04-25T12:18:35","date_gmt":"2022-04-25T15:18:35","guid":{"rendered":"https:\/\/www.actualidadadiario.com\/?p=85299"},"modified":"2022-04-25T12:18:35","modified_gmt":"2022-04-25T15:18:35","slug":"las-escuelas-publicas-de-todo-el-pais-ensenaran-folclore-a-partir-de-2024","status":"publish","type":"post","link":"https:\/\/www.actualidadadiario.com\/index.php\/2022\/04\/25\/las-escuelas-publicas-de-todo-el-pais-ensenaran-folclore-a-partir-de-2024\/","title":{"rendered":"Las escuelas p\u00fablicas de todo el pa\u00eds ense\u00f1ar\u00e1n folclore a partir de 2024"},"content":{"rendered":"<p style=\"text-align: center;\"><em><strong>Los contenidos curriculares para los niveles Inicial y Primario se terminar\u00e1n de elaborar en 2023 con vistas al siguiente ciclo lectivo, revel\u00f3 la vicepresidenta de la Academia Nacional del Folclore<\/strong><\/em><\/p>\n<p>&nbsp;<\/p>\n<p>&nbsp;<\/p>\n<p>El a\u00f1o pr\u00f3ximo, el Consejo Federal de Educaci\u00f3n, asamblea nacional de ministros del \u00e1rea, &#8220;liberar\u00e1 esos contenidos para que las provincias adhieran o no a sus principios, de acuerdo con la visi\u00f3n de cada una&#8221;, indic\u00f3 la vicepresidenta de la Academia Nacional del Folclore (ANF), Ana Mar\u00eda Dupey.<\/p>\n<p>La Academia Nacional del Folclore, con el Ministerio de Educaci\u00f3n, Ciencia y Tecnolog\u00eda de Santiago del Estero y la Universidad Nacional de esa provincia, est\u00e1n organizando el I Congreso Nacional de Ense\u00f1anza del Folclore a efectuarse en modalidad virtual, el 24, 25 y 26 de agosto pr\u00f3ximos; para contribuir a la implementaci\u00f3n de la Ley N\u00b0 27535, que fij\u00f3 en 2019 el derecho a recibir educaci\u00f3n sobre el folclore.<\/p>\n<p>La experta indic\u00f3 que la ANF &#8220;trabaj\u00f3 en una Diplomatura de Folclore que se da en la regional Tucum\u00e1n de la Universidad Tecnol\u00f3gica Nacional en forma virtual y tambi\u00e9n est\u00e1 colaborando con la Diplomatura en Chamam\u00e9 con la Universidad Nacional del Nordeste (con sedes en Corrientes y Chaco)&#8221;:<\/p>\n<p>Dupey, profesora de la asignatura Folclore General en la UBA y otras universidades, se\u00f1al\u00f3 que &#8220;es un trabajo muy arduo definir contenidos curriculares tan amplios como todo el sistema educativo nacional, en los niveles de primario y secundario&#8221;.<\/p>\n<p>A\u00f1adi\u00f3 que &#8220;la diversificaci\u00f3n que hay dentro del plano de la educaci\u00f3n secundaria amerita un tratamiento especial; si bien el folclore va a ser el mismo, el proceso se elabora en t\u00e9rminos de convertirlos f\u00e1ciles para ense\u00f1ar en el aprendizaje y, claro, requiere de tratamientos espec\u00edficos&#8221;.<\/p>\n<p>Aclar\u00f3 que en el encuentro por realizarse se reflexionar\u00e1 sobre los contenidos, lo cual contribuir\u00e1 a ese trabajo que ya viene haciendo el Consejo Federal de Educaci\u00f3n actualizando para que haya contenidos m\u00ednimos compartidos por todas las jurisdicciones provinciales.<\/p>\n<p>Ante una consulta, se\u00f1al\u00f3 que &#8220;no se va tratar de una discusi\u00f3n de id\u00f3neos y profesionales, sino de c\u00f3mo se produce ese proceso de aprendizaje donde tendr\u00e1n que intervenir los que saben sistematizar la transmisi\u00f3n del conocimiento y a qui\u00e9nes tienen que interpelar con ese especialista&#8221;.<\/p>\n<p>Y que &#8220;una persona puede saber de artesan\u00eda, puede ense\u00f1arlo; pero es distinto ense\u00f1ar esos conocimientos y esa sistematizaci\u00f3n en la escuela&#8221;, agreg\u00f3.<\/p>\n<p>Continu\u00f3 diciendo durante el programa &#8220;Ahora o nunca: el espacio de la educaci\u00f3n&#8221;, por radio Cooperativa, que &#8220;lo que se trata es: por un lado, es de una actualizaci\u00f3n de contenidos; en muchas de ellas es exclusivo en t\u00e9rminos de la dimensi\u00f3n art\u00edstica del folclore; pero tenemos que hablar de otras dimensiones, como por ejemplo el aporte del folclore en lo social&#8221;.<\/p>\n","protected":false},"excerpt":{"rendered":"<p>Los contenidos curriculares para los niveles Inicial y Primario se terminar\u00e1n de elaborar en 2023 con vistas al siguiente ciclo lectivo, revel\u00f3 la vicepresidenta de la Academia Nacional del Folclore &nbsp; &nbsp; El a\u00f1o pr\u00f3ximo, el Consejo Federal de Educaci\u00f3n, asamblea nacional de ministros del \u00e1rea, &#8220;liberar\u00e1 esos contenidos para que las provincias adhieran o no a sus principios, de acuerdo con la visi\u00f3n de cada una&#8221;, indic\u00f3 la vicepresidenta de la Academia Nacional del Folclore (ANF), Ana Mar\u00eda Dupey. La Academia Nacional del Folclore, con el Ministerio de Educaci\u00f3n,&#8230;<\/p>\n","protected":false},"author":3,"featured_media":85300,"comment_status":"closed","ping_status":"closed","sticky":false,"template":"","format":"standard","meta":[],"categories":[2],"tags":[],"_links":{"self":[{"href":"https:\/\/www.actualidadadiario.com\/index.php\/wp-json\/wp\/v2\/posts\/85299"}],"collection":[{"href":"https:\/\/www.actualidadadiario.com\/index.php\/wp-json\/wp\/v2\/posts"}],"about":[{"href":"https:\/\/www.actualidadadiario.com\/index.php\/wp-json\/wp\/v2\/types\/post"}],"author":[{"embeddable":true,"href":"https:\/\/www.actualidadadiario.com\/index.php\/wp-json\/wp\/v2\/users\/3"}],"replies":[{"embeddable":true,"href":"https:\/\/www.actualidadadiario.com\/index.php\/wp-json\/wp\/v2\/comments?post=85299"}],"version-history":[{"count":1,"href":"https:\/\/www.actualidadadiario.com\/index.php\/wp-json\/wp\/v2\/posts\/85299\/revisions"}],"predecessor-version":[{"id":85301,"href":"https:\/\/www.actualidadadiario.com\/index.php\/wp-json\/wp\/v2\/posts\/85299\/revisions\/85301"}],"wp:featuredmedia":[{"embeddable":true,"href":"https:\/\/www.actualidadadiario.com\/index.php\/wp-json\/wp\/v2\/media\/85300"}],"wp:attachment":[{"href":"https:\/\/www.actualidadadiario.com\/index.php\/wp-json\/wp\/v2\/media?parent=85299"}],"wp:term":[{"taxonomy":"category","embeddable":true,"href":"https:\/\/www.actualidadadiario.com\/index.php\/wp-json\/wp\/v2\/categories?post=85299"},{"taxonomy":"post_tag","embeddable":true,"href":"https:\/\/www.actualidadadiario.com\/index.php\/wp-json\/wp\/v2\/tags?post=85299"}],"curies":[{"name":"wp","href":"https:\/\/api.w.org\/{rel}","templated":true}]}}