{"id":85124,"date":"2022-04-20T12:37:57","date_gmt":"2022-04-20T15:37:57","guid":{"rendered":"https:\/\/www.actualidadadiario.com\/?p=85124"},"modified":"2022-04-20T12:37:57","modified_gmt":"2022-04-20T15:37:57","slug":"lula-confirmo-que-sera-candidato-a-la-presidencia-de-brasil","status":"publish","type":"post","link":"https:\/\/www.actualidadadiario.com\/index.php\/2022\/04\/20\/lula-confirmo-que-sera-candidato-a-la-presidencia-de-brasil\/","title":{"rendered":"Lula confirm\u00f3 que ser\u00e1 candidato a la presidencia de Brasil"},"content":{"rendered":"<p style=\"text-align: center;\"><em><strong>A trav\u00e9s de las redes sociales el expresidente anunci\u00f3 su intenci\u00f3n de formalizar su candidatura y luego recorrer el pa\u00eds<\/strong><\/em><\/p>\n<p>&nbsp;<\/p>\n<p>&nbsp;<\/p>\n<p>Luego de meses de especulaciones, Luiz In\u00e1cio Lula da Silva puso fecha a su lanzamiento como candidato a la presidencia de Brasil. &#8220;Estoy acostumbrado a participar en elecciones. Tendr\u00e9 el lanzamiento el 7 de mayo y luego quiero recorrer Brasil&#8221;, escribi\u00f3 este martes el expresidente en Twitter. El plazo oficial para registrar las candidaturas no empieza hasta el 20 de julio.<\/p>\n<p>Horas antes Lula hab\u00eda designado al centrista Geraldo Alckmin como candidato a la vicepresidencia en la f\u00f3rmula que encabeza el expresidente para disputar las elecciones de octubre contra el actual mandatario Jair Bolsonaro.<\/p>\n<p>&nbsp;<\/p>\n<p><strong>Alianza pol\u00edtica<\/strong><\/p>\n<p>La designaci\u00f3n de Alckmin, exrival pol\u00edtico de Lula, se dio en el marco de una alianza entre el Partido de los Trabajadores (PT) del l\u00edder izquierdista y el Partido Socialista Brasile\u00f1o (PSB), al que se afili\u00f3 recientemente el pol\u00edtico centrista.<\/p>\n<p>&#8220;Necesitamos la experiencia de Alckmin y mi experiencia para arreglar Brasil&#8221;, dijo Lula ante la prensa en un evento en Sao Paulo. &#8220;Tengo certeza de que el Partido de los Trabajadores aprobar\u00e1 su nombre como candidato a vice&#8221;, le dijo el exmetal\u00fargico a Alckmin.<\/p>\n<p>Alckmin, cofundador del Partido de la Socialdemocracia Brasile\u00f1a (PSDB) de Fernando Henrique Cardoso y figura del PSB desde marzo, enfrent\u00f3 a Lula en las elecciones de 2006 y perdi\u00f3 por un amplio margen en segunda vuelta. Quien fuera gobernador de Sao Paulo entre 2001-2006 y 2011-2018 es la apuesta de Lula para ampliar su base electoral. A los 69 a\u00f1os Alckmin prometi\u00f3 sumar esfuerzos&#8221; para &#8220;reconstruir y redemocratizar&#8221; el pa\u00eds, &#8220;ante un gobierno que atenta contra la democracia y contra las instituciones&#8221;.<\/p>\n<p><strong>&#8220;Iguales principios&#8221;<\/strong><\/p>\n<p>&#8220;Dos fuerzas que tienen proyectos diferentes, y que tienen iguales principios, pueden juntarse en un momento en que el pueblo lo necesita&#8221;, justific\u00f3 Lula, que destac\u00f3 la rivalidad &#8220;civilizada&#8221; del pasado. &#8220;Hoy tenemos una pol\u00edtica de odio, en la que el adversario es enemigo, y no es para vencer, sino para abatir&#8221;, lament\u00f3 Lula en alusi\u00f3n al gobierno de Bolsonaro.<\/p>\n<p>Lula tambi\u00e9n dijo el martes que si vuelve al poder en 2023 crear\u00e1 un ministerio para los temas ind\u00edgenas, al discursar ante una emblem\u00e1tica concentraci\u00f3n de pueblos originarios en Brasilia.<\/p>\n<p>La elecci\u00f3n presidencial se anticipa polarizada entre Lula, que lidera las intenciones de voto, y el presidente ultraderechista Jair Bolsonaro, sin una &#8220;tercera v\u00eda&#8221; fuerte. Seg\u00fan la \u00faltima ecuesta de encuesta de Datafolha Lula tiene un 43 por ciento de la intenci\u00f3n de voto en la primera vuelta del 2 de octubre, seguido por Bolsonaro, con 26 por ciento.<\/p>\n","protected":false},"excerpt":{"rendered":"<p>A trav\u00e9s de las redes sociales el expresidente anunci\u00f3 su intenci\u00f3n de formalizar su candidatura y luego recorrer el pa\u00eds &nbsp; &nbsp; Luego de meses de especulaciones, Luiz In\u00e1cio Lula da Silva puso fecha a su lanzamiento como candidato a la presidencia de Brasil. &#8220;Estoy acostumbrado a participar en elecciones. Tendr\u00e9 el lanzamiento el 7 de mayo y luego quiero recorrer Brasil&#8221;, escribi\u00f3 este martes el expresidente en Twitter. El plazo oficial para registrar las candidaturas no empieza hasta el 20 de julio. Horas antes Lula hab\u00eda designado al centrista&#8230;<\/p>\n","protected":false},"author":3,"featured_media":85125,"comment_status":"closed","ping_status":"closed","sticky":false,"template":"","format":"standard","meta":[],"categories":[4],"tags":[],"_links":{"self":[{"href":"https:\/\/www.actualidadadiario.com\/index.php\/wp-json\/wp\/v2\/posts\/85124"}],"collection":[{"href":"https:\/\/www.actualidadadiario.com\/index.php\/wp-json\/wp\/v2\/posts"}],"about":[{"href":"https:\/\/www.actualidadadiario.com\/index.php\/wp-json\/wp\/v2\/types\/post"}],"author":[{"embeddable":true,"href":"https:\/\/www.actualidadadiario.com\/index.php\/wp-json\/wp\/v2\/users\/3"}],"replies":[{"embeddable":true,"href":"https:\/\/www.actualidadadiario.com\/index.php\/wp-json\/wp\/v2\/comments?post=85124"}],"version-history":[{"count":1,"href":"https:\/\/www.actualidadadiario.com\/index.php\/wp-json\/wp\/v2\/posts\/85124\/revisions"}],"predecessor-version":[{"id":85126,"href":"https:\/\/www.actualidadadiario.com\/index.php\/wp-json\/wp\/v2\/posts\/85124\/revisions\/85126"}],"wp:featuredmedia":[{"embeddable":true,"href":"https:\/\/www.actualidadadiario.com\/index.php\/wp-json\/wp\/v2\/media\/85125"}],"wp:attachment":[{"href":"https:\/\/www.actualidadadiario.com\/index.php\/wp-json\/wp\/v2\/media?parent=85124"}],"wp:term":[{"taxonomy":"category","embeddable":true,"href":"https:\/\/www.actualidadadiario.com\/index.php\/wp-json\/wp\/v2\/categories?post=85124"},{"taxonomy":"post_tag","embeddable":true,"href":"https:\/\/www.actualidadadiario.com\/index.php\/wp-json\/wp\/v2\/tags?post=85124"}],"curies":[{"name":"wp","href":"https:\/\/api.w.org\/{rel}","templated":true}]}}