{"id":85117,"date":"2022-04-20T12:36:21","date_gmt":"2022-04-20T15:36:21","guid":{"rendered":"https:\/\/www.actualidadadiario.com\/?p=85117"},"modified":"2022-04-20T12:36:21","modified_gmt":"2022-04-20T15:36:21","slug":"guzman-mantendra-una-bilateral-con-georgieva-titular-del-fmi-en-washington","status":"publish","type":"post","link":"https:\/\/www.actualidadadiario.com\/index.php\/2022\/04\/20\/guzman-mantendra-una-bilateral-con-georgieva-titular-del-fmi-en-washington\/","title":{"rendered":"Guzm\u00e1n mantendr\u00e1 una bilateral con Georgieva, titular del FMI, en Washington"},"content":{"rendered":"<p style=\"text-align: center;\"><em><strong>Ser\u00e1 el viernes, en el marco de las reuniones de primavera. Tendr\u00e1 adem\u00e1s encuentros con ministros y empresarios europeos<\/strong><\/em><\/p>\n<p>&nbsp;<\/p>\n<p>&nbsp;<\/p>\n<p>&nbsp;<\/p>\n<p>El ministro de Econom\u00eda, Mart\u00edn Guzm\u00e1n, lleg\u00f3 esta ma\u00f1ana a la ciudad de Washington para participar de la Asamblea de Primavera (boreal) del Fondo Monetario Internacional (FMI) y el Banco Mundial (BM), en cuyo marco se reunir\u00e1 el pr\u00f3ximo viernes con la titular del FMI, Kristalina Georgieva. Ser\u00e1 el encuentro bilateral m\u00e1s relevante de un paquete de reuniones que tambi\u00e9n incluye a l\u00edderes del mundo y ministros europeos. En la previa al desembarco del funcionario nacional, el Fondo le hizo dos gui\u00f1os al pa\u00eds: apoy\u00f3, v\u00eda un informe, la intenci\u00f3n del Gobierno de avanzar en un tributo a la renta extraordinaria y, a la vez, recalcul\u00f3 al alza el crecimiento de la econom\u00eda argentina.<\/p>\n<p>La agenda del ministro en Washington incluye, adem\u00e1s del encuentro con la b\u00falgara, una serie de reuniones con representantes del Banco Mundial, como tambi\u00e9n con pares y funcionarios de \u00e1reas econ\u00f3micas de Alemania, Indonesia, Espa\u00f1a, Italia y Sud\u00e1frica, seg\u00fan inform\u00f3 el Palacio de Hacienda por medio de un comunicado. Adem\u00e1s de los encuentros bilaterales, se reunir\u00e1 con el director de Operaciones del Banco Mundial, Axel Van Trotsenburg, y con los autoridades de la Conferencia de las Naciones Unidas sobre Comercio y Desarrollo (Unctad), y de la Organizaci\u00f3n para la Cooperaci\u00f3n Econ\u00f3mica y el Desarrollo (OECD).<\/p>\n<p>Previo al encuentro del viernes con la titular del FMI, el ministro participar\u00e1 de distintos eventos con representantes del staff del organismo multilateral, con el objetivo de evaluar la evoluci\u00f3n de la econom\u00eda argentina tras el acuerdo firmado entre ambas partes. Durante la semana tambi\u00e9n participar\u00e1 en foros y de un encuentro con empresarios en el marco del Atlantic Council, donde expondr\u00e1 sobre la pol\u00edtica econ\u00f3mica y energ\u00e9tica de la Argentina.<\/p>\n<p>En cuanto a la evoluci\u00f3n de las variables econ\u00f3micas tras el acuerdo con el FMI, afirm\u00f3 que &#8220;la pol\u00edtica econ\u00f3mica que se ha ejecutado ha estado alineada con lo que se hab\u00eda planeado ya que las metas en el plano fiscal, monetario y de la acumulaci\u00f3n de reservas internacionales se han cumplido&#8221;. &#8220;Esto es algo importante y de mucho valor para la estabilidad y para poder garantizar una continuidad de la recuperaci\u00f3n econ\u00f3mica&#8221;, se\u00f1al\u00f3 el ministro. De hecho, se\u00f1alan en su entorno, que tal como anunci\u00f3 Guzm\u00e1n, el crecimiento econ\u00f3mico y de la recaudaci\u00f3n impositiva en t\u00e9rminos reales permiti\u00f3 no s\u00f3lo cumplir las metas con el FMI, sino adem\u00e1s usar dinero para asistir a sectores sociales muy da\u00f1ados por los precios.<\/p>\n<p>Qu\u00e9 busca Guzm\u00e1n en la gira? en primer t\u00e9rmino, dar a conocer las mejoras en la econom\u00eda argentina y mostrar el potencial inversor. En cuanto al FMI, en el Gobierno hay expectativa de que se haga una especie de adelanto de la revisi\u00f3n trimestral del acuerdo que debe producirse a mediados del mes de mayo. El ministro trabaj\u00f3 con sus t\u00e9cnicos en los n\u00fameros de las metas, que entienden se cumplieron y pasar\u00e1n sin problemas el primer test del acuerdo de deuda que realiz\u00f3 para renegociar el pasivo que dej\u00f3 la administraci\u00f3n de Mauricio Macri.<\/p>\n<p>Naturalmente, el ministro estar\u00e1 all\u00ed hablando en l\u00ednea con su proyecto de gravar la renta extraordinaria, con el importante aval del documento del FMI que da entender que es necesario tomar medidas para la redistribuci\u00f3n del ingreso en un mundo en el que ganan las grandes empresas y el resto de la poblaci\u00f3n se ve afectada por subas de precios globales y problemas de ingresos.<\/p>\n","protected":false},"excerpt":{"rendered":"<p>Ser\u00e1 el viernes, en el marco de las reuniones de primavera. Tendr\u00e1 adem\u00e1s encuentros con ministros y empresarios europeos &nbsp; &nbsp; &nbsp; El ministro de Econom\u00eda, Mart\u00edn Guzm\u00e1n, lleg\u00f3 esta ma\u00f1ana a la ciudad de Washington para participar de la Asamblea de Primavera (boreal) del Fondo Monetario Internacional (FMI) y el Banco Mundial (BM), en cuyo marco se reunir\u00e1 el pr\u00f3ximo viernes con la titular del FMI, Kristalina Georgieva. Ser\u00e1 el encuentro bilateral m\u00e1s relevante de un paquete de reuniones que tambi\u00e9n incluye a l\u00edderes del mundo y ministros europeos&#8230;.<\/p>\n","protected":false},"author":3,"featured_media":85118,"comment_status":"closed","ping_status":"closed","sticky":false,"template":"","format":"standard","meta":[],"categories":[18],"tags":[],"_links":{"self":[{"href":"https:\/\/www.actualidadadiario.com\/index.php\/wp-json\/wp\/v2\/posts\/85117"}],"collection":[{"href":"https:\/\/www.actualidadadiario.com\/index.php\/wp-json\/wp\/v2\/posts"}],"about":[{"href":"https:\/\/www.actualidadadiario.com\/index.php\/wp-json\/wp\/v2\/types\/post"}],"author":[{"embeddable":true,"href":"https:\/\/www.actualidadadiario.com\/index.php\/wp-json\/wp\/v2\/users\/3"}],"replies":[{"embeddable":true,"href":"https:\/\/www.actualidadadiario.com\/index.php\/wp-json\/wp\/v2\/comments?post=85117"}],"version-history":[{"count":2,"href":"https:\/\/www.actualidadadiario.com\/index.php\/wp-json\/wp\/v2\/posts\/85117\/revisions"}],"predecessor-version":[{"id":85120,"href":"https:\/\/www.actualidadadiario.com\/index.php\/wp-json\/wp\/v2\/posts\/85117\/revisions\/85120"}],"wp:featuredmedia":[{"embeddable":true,"href":"https:\/\/www.actualidadadiario.com\/index.php\/wp-json\/wp\/v2\/media\/85118"}],"wp:attachment":[{"href":"https:\/\/www.actualidadadiario.com\/index.php\/wp-json\/wp\/v2\/media?parent=85117"}],"wp:term":[{"taxonomy":"category","embeddable":true,"href":"https:\/\/www.actualidadadiario.com\/index.php\/wp-json\/wp\/v2\/categories?post=85117"},{"taxonomy":"post_tag","embeddable":true,"href":"https:\/\/www.actualidadadiario.com\/index.php\/wp-json\/wp\/v2\/tags?post=85117"}],"curies":[{"name":"wp","href":"https:\/\/api.w.org\/{rel}","templated":true}]}}